{"id":27222,"date":"2026-08-31T10:26:07","date_gmt":"2026-08-31T14:26:07","guid":{"rendered":"https:\/\/elalto.gob.bo\/noticias\/?p=27222"},"modified":"2026-08-31T10:26:11","modified_gmt":"2026-08-31T14:26:11","slug":"feria-emprende-el-alto-se-vivio-con-colorido-y-alegria-en-ciudad-satelite","status":"publish","type":"post","link":"https:\/\/elalto.gob.bo\/noticias\/?p=27222","title":{"rendered":"Feria \u201cEmprende El Alto\u201d se vivi\u00f3 con colorido y alegr\u00eda en Ciudad Sat\u00e9lite"},"content":{"rendered":"\n<p class=\"wp-block-paragraph\">Prensa GAMEA\/Dom 30.08.26<\/p>\n\n\n\n<p class=\"wp-block-paragraph\">Con la participaci\u00f3n de las familias de la zona y de otros sectores de la ciudad, m\u00fasica, juegos y exposici\u00f3n de productos, se vivi\u00f3 la segunda versi\u00f3n de la Feria \u201cEmprende El Alto\u201d en la plaza del Tinku del Distrito 1.<\/p>\n\n\n\n<p class=\"wp-block-paragraph\">La feria fue un espacio propicio para promover la actividad econ\u00f3mica mediante el comercio de los micro y peque\u00f1os empresarios, emprendedores y productores de diferentes sectores, principalmente dedicados a la venta de alimentos, art\u00edculos diversos y servicios.<\/p>\n\n\n\n<p class=\"wp-block-paragraph\">La Subalcaldesa del Distrito 1, Nadir Palombo, destac\u00f3 que estas ferias tienen un valor importante, ya que adem\u00e1s de contribuir al movimiento econ\u00f3mico, permiten generar espacios de encuentro y recreaci\u00f3n de las familias alte\u00f1as.<\/p>\n\n\n\n<p class=\"wp-block-paragraph\">\u201cEstos espacios est\u00e1n destinados a nuestros micro y peque\u00f1os empresarios para que puedan difundir sus emprendimientos, tambi\u00e9n buscamos que las familias tengan un lugar donde puedan distraerse, compartir y disfrutar juntos\u201d, se\u00f1al\u00f3 la autoridad.<\/p>\n\n\n\n<p class=\"wp-block-paragraph\">El Presidente de la Junta de Vecinos de la zona, Jaime Vargas, resalt\u00f3 la importancia de impulsar este tipo de iniciativas en Ciudad Sat\u00e9lite, considerando que las ferias permiten a los vecinos acceder a productos y ofertas, al mismo tiempo brindan oportunidades a los emprendedores del lugar. \u201cEs importante que se realicen estas ferias porque siempre hay una rebaja, una oferta que favorece a los vecinos, estamos contentos con esta iniciativa\u201d, manifest\u00f3 Vargas.<\/p>\n\n\n\n<p class=\"wp-block-paragraph\">Uno de los emprendimientos en la feria fue la de \u201cAnticuchos de Todo Coraz\u00f3n\u201d, iniciativa de la se\u00f1ora Magdalena Pintado, quien dijo que su actividad se trata de un negocio familiar con m\u00e1s de 40 a\u00f1os de trayectoria. Agradeci\u00f3 la oportunidad de participar en la Feria \u201cEmprende El Alto\u201d y se\u00f1al\u00f3 que su producto es tradicional en la ciudad.<\/p>\n","protected":false},"excerpt":{"rendered":"<p>Prensa GAMEA\/Dom 30.08.26 Con la participaci\u00f3n de las familias de la zona y de otros sectores de la ciudad, m\u00fasica, juegos y exposici\u00f3n de productos, se vivi\u00f3 la segunda versi\u00f3n de la Feria \u201cEmprende El Alto\u201d en la plaza del Tinku del Distrito 1. La feria fue un espacio propicio para promover la actividad econ\u00f3mica [&hellip;]<\/p>\n","protected":false},"author":17,"featured_media":27223,"comment_status":"open","ping_status":"open","sticky":false,"template":"","format":"standard","meta":{"content-type":"","footnotes":""},"categories":[51],"tags":[],"class_list":["post-27222","post","type-post","status-publish","format-standard","has-post-thumbnail","category-economia"],"_links":{"self":[{"href":"https:\/\/elalto.gob.bo\/noticias\/index.php?rest_route=\/wp\/v2\/posts\/27222","targetHints":{"allow":["GET"]}}],"collection":[{"href":"https:\/\/elalto.gob.bo\/noticias\/index.php?rest_route=\/wp\/v2\/posts"}],"about":[{"href":"https:\/\/elalto.gob.bo\/noticias\/index.php?rest_route=\/wp\/v2\/types\/post"}],"author":[{"embeddable":true,"href":"https:\/\/elalto.gob.bo\/noticias\/index.php?rest_route=\/wp\/v2\/users\/17"}],"replies":[{"embeddable":true,"href":"https:\/\/elalto.gob.bo\/noticias\/index.php?rest_route=%2Fwp%2Fv2%2Fcomments&post=27222"}],"version-history":[{"count":1,"href":"https:\/\/elalto.gob.bo\/noticias\/index.php?rest_route=\/wp\/v2\/posts\/27222\/revisions"}],"predecessor-version":[{"id":27224,"href":"https:\/\/elalto.gob.bo\/noticias\/index.php?rest_route=\/wp\/v2\/posts\/27222\/revisions\/27224"}],"wp:featuredmedia":[{"embeddable":true,"href":"https:\/\/elalto.gob.bo\/noticias\/index.php?rest_route=\/wp\/v2\/media\/27223"}],"wp:attachment":[{"href":"https:\/\/elalto.gob.bo\/noticias\/index.php?rest_route=%2Fwp%2Fv2%2Fmedia&parent=27222"}],"wp:term":[{"taxonomy":"category","embeddable":true,"href":"https:\/\/elalto.gob.bo\/noticias\/index.php?rest_route=%2Fwp%2Fv2%2Fcategories&post=27222"},{"taxonomy":"post_tag","embeddable":true,"href":"https:\/\/elalto.gob.bo\/noticias\/index.php?rest_route=%2Fwp%2Fv2%2Ftags&post=27222"}],"curies":[{"name":"wp","href":"https:\/\/api.w.org\/{rel}","templated":true}]}}