{"id":27226,"date":"2026-08-31T13:47:00","date_gmt":"2026-08-31T17:47:00","guid":{"rendered":"https:\/\/elalto.gob.bo\/noticias\/?p=27226"},"modified":"2026-08-31T13:47:03","modified_gmt":"2026-08-31T17:47:03","slug":"maquinaria-pesada-y-cuadrillas-de-trabajo-limpian-escombros-en-villa-adela-yunguyo","status":"publish","type":"post","link":"https:\/\/elalto.gob.bo\/noticias\/?p=27226","title":{"rendered":"Maquinaria pesada y cuadrillas de trabajo limpian escombros en Villa Adela Yunguyo"},"content":{"rendered":"\n<p class=\"wp-block-paragraph\">PRENSA GAMEA \/ Lun 31.08.2026<\/p>\n\n\n\n<p class=\"wp-block-paragraph\">Un intenso operativo de limpieza, levantamiento de tierra acumulada y retiro de escombros fue ejecutado por la Subalcald\u00eda del Distrito Municipal 3 en la urbanizaci\u00f3n Villa Adela Yunguyo con el fin de recuperar los espacios p\u00fablicos y optimizar las condiciones de salubridad para las familias de la zona. El despliegue contempl\u00f3 la movilizaci\u00f3n de personal operativo y el uso de maquinaria pesada, como retroexcavadoras y camiones de gran tonelaje, que trabajaron de forma continua para retirar materiales y desechos s\u00f3lidos acumulados en las v\u00edas.<\/p>\n\n\n\n<p class=\"wp-block-paragraph\">La intervenci\u00f3n permiti\u00f3 eliminar focos de contaminaci\u00f3n ambiental que afectaban al vecindario, devolviendo la limpieza a las calles y habilitando accesos vehiculares y peatonales m\u00e1s accesibles y seguros. Con estas acciones, la gesti\u00f3n edil responde de forma oportuna a los requerimientos prioritarios de las zonas residenciales, garantizando un entorno urbano ordenado y libre de riesgos para la salud de la poblaci\u00f3n de Villa Adela Yunguyo.<\/p>\n\n\n\n<p class=\"wp-block-paragraph\">\u00abMantenemos de forma permanente a nuestro personal y la maquinaria pesada en las calles para despejar las v\u00edas, erradicar focos de contaminaci\u00f3n y asegurar que cada vecino camine por un barrio limpio, digno y seguro\u00bb, afirm\u00f3 el Subalcalde del Distrito 3, Guillermo Mamani.<\/p>\n","protected":false},"excerpt":{"rendered":"<p>PRENSA GAMEA \/ Lun 31.08.2026 Un intenso operativo de limpieza, levantamiento de tierra acumulada y retiro de escombros fue ejecutado por la Subalcald\u00eda del Distrito Municipal 3 en la urbanizaci\u00f3n Villa Adela Yunguyo con el fin de recuperar los espacios p\u00fablicos y optimizar las condiciones de salubridad para las familias de la zona. El despliegue [&hellip;]<\/p>\n","protected":false},"author":17,"featured_media":27243,"comment_status":"open","ping_status":"open","sticky":false,"template":"","format":"standard","meta":{"content-type":"","footnotes":""},"categories":[165],"tags":[],"class_list":["post-27226","post","type-post","status-publish","format-standard","has-post-thumbnail","category-subalcaldias"],"_links":{"self":[{"href":"https:\/\/elalto.gob.bo\/noticias\/index.php?rest_route=\/wp\/v2\/posts\/27226","targetHints":{"allow":["GET"]}}],"collection":[{"href":"https:\/\/elalto.gob.bo\/noticias\/index.php?rest_route=\/wp\/v2\/posts"}],"about":[{"href":"https:\/\/elalto.gob.bo\/noticias\/index.php?rest_route=\/wp\/v2\/types\/post"}],"author":[{"embeddable":true,"href":"https:\/\/elalto.gob.bo\/noticias\/index.php?rest_route=\/wp\/v2\/users\/17"}],"replies":[{"embeddable":true,"href":"https:\/\/elalto.gob.bo\/noticias\/index.php?rest_route=%2Fwp%2Fv2%2Fcomments&post=27226"}],"version-history":[{"count":1,"href":"https:\/\/elalto.gob.bo\/noticias\/index.php?rest_route=\/wp\/v2\/posts\/27226\/revisions"}],"predecessor-version":[{"id":27244,"href":"https:\/\/elalto.gob.bo\/noticias\/index.php?rest_route=\/wp\/v2\/posts\/27226\/revisions\/27244"}],"wp:featuredmedia":[{"embeddable":true,"href":"https:\/\/elalto.gob.bo\/noticias\/index.php?rest_route=\/wp\/v2\/media\/27243"}],"wp:attachment":[{"href":"https:\/\/elalto.gob.bo\/noticias\/index.php?rest_route=%2Fwp%2Fv2%2Fmedia&parent=27226"}],"wp:term":[{"taxonomy":"category","embeddable":true,"href":"https:\/\/elalto.gob.bo\/noticias\/index.php?rest_route=%2Fwp%2Fv2%2Fcategories&post=27226"},{"taxonomy":"post_tag","embeddable":true,"href":"https:\/\/elalto.gob.bo\/noticias\/index.php?rest_route=%2Fwp%2Fv2%2Ftags&post=27226"}],"curies":[{"name":"wp","href":"https:\/\/api.w.org\/{rel}","templated":true}]}}