{"id":27227,"date":"2026-08-31T11:12:32","date_gmt":"2026-08-31T15:12:32","guid":{"rendered":"https:\/\/elalto.gob.bo\/noticias\/?p=27227"},"modified":"2026-08-31T11:12:36","modified_gmt":"2026-08-31T15:12:36","slug":"unidades-educativas-del-distrito-3-estrenan-predios-renovados-y-seguros-tras-intervenciones-de-la-subalcaldia","status":"publish","type":"post","link":"https:\/\/elalto.gob.bo\/noticias\/?p=27227","title":{"rendered":"Unidades educativas del Distrito 3 estrenan predios renovados y seguros tras intervenciones de la Subalcald\u00eda"},"content":{"rendered":"\n<p class=\"wp-block-paragraph\"><em>PRENSA GAMEA \/ Lun 31.08.2026<\/em><\/p>\n\n\n\n<p class=\"wp-block-paragraph\">Trabajos integrales de pintado, jornadas comunitarias de limpieza y tareas de poda preventiva fueron ejecutados por la Subalcald\u00eda del Distrito Municipal 3 para renovar las condiciones de aprendizaje y seguridad en recintos escolares del sector. Las cuadrillas municipales intervinieron de manera simult\u00e1nea en tres infraestructuras ediles para dejar los predios completamente aptos e impecables para la comunidad estudiantil.<\/p>\n\n\n\n<figure class=\"wp-block-image size-large\"><img loading=\"lazy\" loading=\"lazy\" decoding=\"async\" width=\"768\" height=\"1024\" src=\"https:\/\/elalto.gob.bo\/noticias\/wp-content\/uploads\/2026\/08\/367634-768x1024-1.jpg\" alt=\"\" class=\"wp-image-27230\" srcset=\"https:\/\/elalto.gob.bo\/noticias\/wp-content\/uploads\/2026\/08\/367634-768x1024-1.jpg 768w, https:\/\/elalto.gob.bo\/noticias\/wp-content\/uploads\/2026\/08\/367634-225x300.jpg 225w, https:\/\/elalto.gob.bo\/noticias\/wp-content\/uploads\/2026\/08\/367634-1152x1536.jpg 1152w, https:\/\/elalto.gob.bo\/noticias\/wp-content\/uploads\/2026\/08\/367634-860x1146.jpg 860w, https:\/\/elalto.gob.bo\/noticias\/wp-content\/uploads\/2026\/08\/367634.jpg 1200w\" sizes=\"auto, (max-width: 768px) 100vw, 768px\" \/><\/figure>\n\n\n\n<p class=\"wp-block-paragraph\">En la Urbanizaci\u00f3n Villa Bol\u00edvar \u00abF\u00bb, el personal t\u00e9cnico renov\u00f3 la imagen de la Unidad Educativa Noel Kempff Mercado mediante el pintado de muros. En paralelo, en Villa Adela se despleg\u00f3 una jornada de limpieza en la Unidad Educativa Mart\u00edn C\u00e1rdenas, donde los padres de familia ayudaron activamente en la recolecci\u00f3n de residuos mientras el personal municipal operaba retroexcavadoras y volquetes para el retiro de maderas acumuladas y escombros.<\/p>\n\n\n\n<figure class=\"wp-block-image size-large\"><img loading=\"lazy\" loading=\"lazy\" decoding=\"async\" width=\"1024\" height=\"576\" src=\"https:\/\/elalto.gob.bo\/noticias\/wp-content\/uploads\/2026\/08\/367584-1024x576.jpg\" alt=\"\" class=\"wp-image-27228\" srcset=\"https:\/\/elalto.gob.bo\/noticias\/wp-content\/uploads\/2026\/08\/367584-1024x576.jpg 1024w, https:\/\/elalto.gob.bo\/noticias\/wp-content\/uploads\/2026\/08\/367584-300x169.jpg 300w, https:\/\/elalto.gob.bo\/noticias\/wp-content\/uploads\/2026\/08\/367584-767x431.jpg 767w, https:\/\/elalto.gob.bo\/noticias\/wp-content\/uploads\/2026\/08\/367584-1536x863.jpg 1536w, https:\/\/elalto.gob.bo\/noticias\/wp-content\/uploads\/2026\/08\/367584-860x483.jpg 860w, https:\/\/elalto.gob.bo\/noticias\/wp-content\/uploads\/2026\/08\/367584.jpg 1599w\" sizes=\"auto, (max-width: 1024px) 100vw, 1024px\" \/><\/figure>\n\n\n\n<p class=\"wp-block-paragraph\">La seguridad del entorno escolar tambi\u00e9n se reforz\u00f3 en la Urbanizaci\u00f3n Villa Dolores \u00abF\u00bb con la poda e intervenci\u00f3n preventiva de los \u00e1rboles circundantes al recinto educativo. Esta tarea beneficia directamente al alumnado del nivel inicial y primario de la Unidad Educativa Carlos Palenque Avil\u00e9s por la ma\u00f1ana, y a los estudiantes de secundario de la Unidad Educativa Tcnl. Rafael Pab\u00f3n por la tarde.<\/p>\n\n\n\n<figure class=\"wp-block-image size-large\"><img loading=\"lazy\" loading=\"lazy\" decoding=\"async\" width=\"1024\" height=\"768\" src=\"https:\/\/elalto.gob.bo\/noticias\/wp-content\/uploads\/2026\/08\/369310-1024x768.jpg\" alt=\"\" class=\"wp-image-27229\" srcset=\"https:\/\/elalto.gob.bo\/noticias\/wp-content\/uploads\/2026\/08\/369310-1024x768.jpg 1024w, https:\/\/elalto.gob.bo\/noticias\/wp-content\/uploads\/2026\/08\/369310-300x225.jpg 300w, https:\/\/elalto.gob.bo\/noticias\/wp-content\/uploads\/2026\/08\/369310-768x576.jpg 768w, https:\/\/elalto.gob.bo\/noticias\/wp-content\/uploads\/2026\/08\/369310-1536x1152-1.jpg 1536w, https:\/\/elalto.gob.bo\/noticias\/wp-content\/uploads\/2026\/08\/369310-860x645.jpg 860w, https:\/\/elalto.gob.bo\/noticias\/wp-content\/uploads\/2026\/08\/369310.jpg 1600w\" sizes=\"auto, (max-width: 1024px) 100vw, 1024px\" \/><\/figure>\n\n\n\n<p class=\"wp-block-paragraph\">\u00abNuestro compromiso con la educaci\u00f3n se demuestra en la cancha y junto a los vecinos, por eso desplegamos personal y maquinaria para que nuestras ni\u00f1as, ni\u00f1os y j\u00f3venes estudien en condiciones dignas, limpias y completamente seguras\u00bb, destac\u00f3 el Subalcalde del Distrito 3, Guillermo Mamani, al ponderar el trabajo conjunto entre la administraci\u00f3n municipal y la comunidad educativa.<br>\/\/\/\/<\/p>\n\n\n\n<p class=\"wp-block-paragraph\"><\/p>\n","protected":false},"excerpt":{"rendered":"<p>PRENSA GAMEA \/ Lun 31.08.2026 Trabajos integrales de pintado, jornadas comunitarias de limpieza y tareas de poda preventiva fueron ejecutados por la Subalcald\u00eda del Distrito Municipal 3 para renovar las condiciones de aprendizaje y seguridad en recintos escolares del sector. Las cuadrillas municipales intervinieron de manera simult\u00e1nea en tres infraestructuras ediles para dejar los predios [&hellip;]<\/p>\n","protected":false},"author":17,"featured_media":27231,"comment_status":"open","ping_status":"open","sticky":false,"template":"","format":"standard","meta":{"content-type":"","footnotes":""},"categories":[165],"tags":[],"class_list":["post-27227","post","type-post","status-publish","format-standard","has-post-thumbnail","category-subalcaldias"],"_links":{"self":[{"href":"https:\/\/elalto.gob.bo\/noticias\/index.php?rest_route=\/wp\/v2\/posts\/27227","targetHints":{"allow":["GET"]}}],"collection":[{"href":"https:\/\/elalto.gob.bo\/noticias\/index.php?rest_route=\/wp\/v2\/posts"}],"about":[{"href":"https:\/\/elalto.gob.bo\/noticias\/index.php?rest_route=\/wp\/v2\/types\/post"}],"author":[{"embeddable":true,"href":"https:\/\/elalto.gob.bo\/noticias\/index.php?rest_route=\/wp\/v2\/users\/17"}],"replies":[{"embeddable":true,"href":"https:\/\/elalto.gob.bo\/noticias\/index.php?rest_route=%2Fwp%2Fv2%2Fcomments&post=27227"}],"version-history":[{"count":1,"href":"https:\/\/elalto.gob.bo\/noticias\/index.php?rest_route=\/wp\/v2\/posts\/27227\/revisions"}],"predecessor-version":[{"id":27232,"href":"https:\/\/elalto.gob.bo\/noticias\/index.php?rest_route=\/wp\/v2\/posts\/27227\/revisions\/27232"}],"wp:featuredmedia":[{"embeddable":true,"href":"https:\/\/elalto.gob.bo\/noticias\/index.php?rest_route=\/wp\/v2\/media\/27231"}],"wp:attachment":[{"href":"https:\/\/elalto.gob.bo\/noticias\/index.php?rest_route=%2Fwp%2Fv2%2Fmedia&parent=27227"}],"wp:term":[{"taxonomy":"category","embeddable":true,"href":"https:\/\/elalto.gob.bo\/noticias\/index.php?rest_route=%2Fwp%2Fv2%2Fcategories&post=27227"},{"taxonomy":"post_tag","embeddable":true,"href":"https:\/\/elalto.gob.bo\/noticias\/index.php?rest_route=%2Fwp%2Fv2%2Ftags&post=27227"}],"curies":[{"name":"wp","href":"https:\/\/api.w.org\/{rel}","templated":true}]}}