{"id":27234,"date":"2026-08-31T11:14:49","date_gmt":"2026-08-31T15:14:49","guid":{"rendered":"https:\/\/elalto.gob.bo\/noticias\/?p=27234"},"modified":"2026-08-31T11:14:52","modified_gmt":"2026-08-31T15:14:52","slug":"subalcaldia-del-distrito-3-renueva-el-alumbrado-publico-en-franja-cruce-villa-adela","status":"publish","type":"post","link":"https:\/\/elalto.gob.bo\/noticias\/?p=27234","title":{"rendered":"Subalcald\u00eda del Distrito 3 renueva el alumbrado p\u00fablico en Franja Cruce Villa Adela"},"content":{"rendered":"\n<p class=\"wp-block-paragraph\"><em>PRENSA GAMEA \/ Lun 31.08.2026<\/em><\/p>\n\n\n\n<p class=\"wp-block-paragraph\">Vecinos, comerciantes y peatones de la Urbanizaci\u00f3n Complemento Franja Cruce Villa Adela cuentan desde este lunes con v\u00edas completamente iluminadas tras el operativo integral de reparaci\u00f3n y mantenimiento de alumbrado p\u00fablico ejecutado por el equipo t\u00e9cnico de la Subalcald\u00eda del Distrito Municipal 3.<\/p>\n\n\n\n<p class=\"wp-block-paragraph\">Durante el despliegue operativo, el personal municipal utiliz\u00f3 un carro canasta de gran alcance para realizar trabajos en altura focalizados en la reposici\u00f3n de focos quemados, la reparaci\u00f3n de conexiones deterioradas y la puesta a punto general del sistema el\u00e9ctrico. Estas labores devolvieron el servicio a varios tramos que requer\u00edan atenci\u00f3n urgente, respondiendo de manera directa a la demanda vecinal de contar con avenidas y calles mejor iluminadas.<\/p>\n\n\n\n<figure class=\"wp-block-image size-large\"><img loading=\"lazy\" loading=\"lazy\" decoding=\"async\" width=\"1024\" height=\"771\" src=\"https:\/\/elalto.gob.bo\/noticias\/wp-content\/uploads\/2026\/08\/367701-1024x771.jpg\" alt=\"\" class=\"wp-image-27235\" srcset=\"https:\/\/elalto.gob.bo\/noticias\/wp-content\/uploads\/2026\/08\/367701-1024x771.jpg 1024w, https:\/\/elalto.gob.bo\/noticias\/wp-content\/uploads\/2026\/08\/367701-300x226.jpg 300w, https:\/\/elalto.gob.bo\/noticias\/wp-content\/uploads\/2026\/08\/367701-767x577.jpg 767w, https:\/\/elalto.gob.bo\/noticias\/wp-content\/uploads\/2026\/08\/367701-1536x1155.jpg 1536w, https:\/\/elalto.gob.bo\/noticias\/wp-content\/uploads\/2026\/08\/367701-860x647.jpg 860w, https:\/\/elalto.gob.bo\/noticias\/wp-content\/uploads\/2026\/08\/367701.jpg 1600w\" sizes=\"auto, (max-width: 1024px) 100vw, 1024px\" \/><\/figure>\n\n\n\n<p class=\"wp-block-paragraph\">\u00abNuestro compromiso es garantizar v\u00edas seguras para que las familias y comerciantes puedan desplazarse con tranquilidad a cualquier hora, por eso desplegamos nuestras cuadrillas y equipo t\u00e9cnico de forma oportuna en cada urbanizaci\u00f3n\u00bb, enfatiz\u00f3 el Subalcalde del Distrito 3, Guillermo Mamani, al ratificar que los operativos de alumbrado p\u00fablico continuar\u00e1n de manera sostenida para abarcar m\u00e1s zonas del distrito.<br>\/\/\/\/\/\/<\/p>\n","protected":false},"excerpt":{"rendered":"<p>PRENSA GAMEA \/ Lun 31.08.2026 Vecinos, comerciantes y peatones de la Urbanizaci\u00f3n Complemento Franja Cruce Villa Adela cuentan desde este lunes con v\u00edas completamente iluminadas tras el operativo integral de reparaci\u00f3n y mantenimiento de alumbrado p\u00fablico ejecutado por el equipo t\u00e9cnico de la Subalcald\u00eda del Distrito Municipal 3. Durante el despliegue operativo, el personal municipal [&hellip;]<\/p>\n","protected":false},"author":17,"featured_media":27236,"comment_status":"open","ping_status":"open","sticky":false,"template":"","format":"standard","meta":{"content-type":"","footnotes":""},"categories":[165],"tags":[],"class_list":["post-27234","post","type-post","status-publish","format-standard","has-post-thumbnail","category-subalcaldias"],"_links":{"self":[{"href":"https:\/\/elalto.gob.bo\/noticias\/index.php?rest_route=\/wp\/v2\/posts\/27234","targetHints":{"allow":["GET"]}}],"collection":[{"href":"https:\/\/elalto.gob.bo\/noticias\/index.php?rest_route=\/wp\/v2\/posts"}],"about":[{"href":"https:\/\/elalto.gob.bo\/noticias\/index.php?rest_route=\/wp\/v2\/types\/post"}],"author":[{"embeddable":true,"href":"https:\/\/elalto.gob.bo\/noticias\/index.php?rest_route=\/wp\/v2\/users\/17"}],"replies":[{"embeddable":true,"href":"https:\/\/elalto.gob.bo\/noticias\/index.php?rest_route=%2Fwp%2Fv2%2Fcomments&post=27234"}],"version-history":[{"count":1,"href":"https:\/\/elalto.gob.bo\/noticias\/index.php?rest_route=\/wp\/v2\/posts\/27234\/revisions"}],"predecessor-version":[{"id":27237,"href":"https:\/\/elalto.gob.bo\/noticias\/index.php?rest_route=\/wp\/v2\/posts\/27234\/revisions\/27237"}],"wp:featuredmedia":[{"embeddable":true,"href":"https:\/\/elalto.gob.bo\/noticias\/index.php?rest_route=\/wp\/v2\/media\/27236"}],"wp:attachment":[{"href":"https:\/\/elalto.gob.bo\/noticias\/index.php?rest_route=%2Fwp%2Fv2%2Fmedia&parent=27234"}],"wp:term":[{"taxonomy":"category","embeddable":true,"href":"https:\/\/elalto.gob.bo\/noticias\/index.php?rest_route=%2Fwp%2Fv2%2Fcategories&post=27234"},{"taxonomy":"post_tag","embeddable":true,"href":"https:\/\/elalto.gob.bo\/noticias\/index.php?rest_route=%2Fwp%2Fv2%2Ftags&post=27234"}],"curies":[{"name":"wp","href":"https:\/\/api.w.org\/{rel}","templated":true}]}}