{"id":27238,"date":"2026-08-31T11:43:38","date_gmt":"2026-08-31T15:43:38","guid":{"rendered":"https:\/\/elalto.gob.bo\/noticias\/?p=27238"},"modified":"2026-08-31T11:43:44","modified_gmt":"2026-08-31T15:43:44","slug":"distrito-4-celebra-inicio-de-obras-clave-para-el-deporte-y-la-familia","status":"publish","type":"post","link":"https:\/\/elalto.gob.bo\/noticias\/?p=27238","title":{"rendered":"Distrito 4 celebra inicio de obras clave para el deporte y la familia"},"content":{"rendered":"\n<p class=\"wp-block-paragraph\"><em>PRENSA GAMEA \/ Vie 28.0.82026<\/em><\/p>\n\n\n\n<p class=\"wp-block-paragraph\">Con alegr\u00eda, emoci\u00f3n y la promesa de ver a ni\u00f1os y j\u00f3venes jugar en mejores condiciones, los vecinos del Distrito 4 celebraron el inicio de cuatro esperadas obras para su comunidad. Con un presupuesto que supera los Bs 690 mil, el municipio arranc\u00f3 los trabajos orientados a revitalizar plazas, canchas y centros de encuentro familiar en los barrios del sector.<\/p>\n\n\n\n<p class=\"wp-block-paragraph\">Los proyectos devolver\u00e1n la vida a varios puntos de la zona. Entre las obras principales destaca la construcci\u00f3n del Centro Multicultural en San Felipe de Seke (Sector 7), la renovaci\u00f3n del emblem\u00e1tico espacio de las Canchas Gemelas, donde una de ellas contar\u00e1 con c\u00e9sped sint\u00e9tico y se refaccionar\u00e1 todo el entorno, adem\u00e1s de la edificaci\u00f3n de dos bonitos parques infantiles para la diversi\u00f3n de los m\u00e1s peque\u00f1os en la zona 16 de Febrero (Fabriles).<\/p>\n\n\n\n<figure class=\"wp-block-image size-large\"><img loading=\"lazy\" loading=\"lazy\" decoding=\"async\" width=\"1024\" height=\"576\" src=\"https:\/\/elalto.gob.bo\/noticias\/wp-content\/uploads\/2026\/08\/369655-1024x576.jpg\" alt=\"\" class=\"wp-image-27239\" srcset=\"https:\/\/elalto.gob.bo\/noticias\/wp-content\/uploads\/2026\/08\/369655-1024x576.jpg 1024w, https:\/\/elalto.gob.bo\/noticias\/wp-content\/uploads\/2026\/08\/369655-300x169.jpg 300w, https:\/\/elalto.gob.bo\/noticias\/wp-content\/uploads\/2026\/08\/369655-767x431.jpg 767w, https:\/\/elalto.gob.bo\/noticias\/wp-content\/uploads\/2026\/08\/369655-1536x863.jpg 1536w, https:\/\/elalto.gob.bo\/noticias\/wp-content\/uploads\/2026\/08\/369655-860x483.jpg 860w, https:\/\/elalto.gob.bo\/noticias\/wp-content\/uploads\/2026\/08\/369655.jpg 1599w\" sizes=\"auto, (max-width: 1024px) 100vw, 1024px\" \/><\/figure>\n\n\n\n<p class=\"wp-block-paragraph\">\u00abEstamos hoy en el inicio de cuatro obras con un valor de m\u00e1s de Bs 690 mil en el Distrito 4; son obras muy importantes en beneficio del sector: el Centro Multicultural, las Canchas Gemelas, una de ellas con c\u00e9sped sint\u00e9tico y dos parques infantiles para nuestros ni\u00f1os\u201d, se\u00f1al\u00f3 el Subalcalde del Distrito 4, Franz Contreras.<\/p>\n\n\n\n<p class=\"wp-block-paragraph\">Asimismo, la autoridad anunci\u00f3 que para la siguiente gesti\u00f3n se tiene programada la implementaci\u00f3n del primer Centro Deportivo Municipal en el Distrito 4. \u201cHay mucho amor y estamos trabajando por nuestro distrito bajo el liderazgo de nuestro alcalde Eliser Roca Tancara\u00bb, acot\u00f3.<\/p>\n\n\n\n<figure class=\"wp-block-image size-large\"><img loading=\"lazy\" loading=\"lazy\" decoding=\"async\" width=\"1024\" height=\"575\" src=\"https:\/\/elalto.gob.bo\/noticias\/wp-content\/uploads\/2026\/08\/369664-1024x575.jpg\" alt=\"\" class=\"wp-image-27240\" srcset=\"https:\/\/elalto.gob.bo\/noticias\/wp-content\/uploads\/2026\/08\/369664-1024x575.jpg 1024w, https:\/\/elalto.gob.bo\/noticias\/wp-content\/uploads\/2026\/08\/369664-300x168.jpg 300w, https:\/\/elalto.gob.bo\/noticias\/wp-content\/uploads\/2026\/08\/369664-767x431.jpg 767w, https:\/\/elalto.gob.bo\/noticias\/wp-content\/uploads\/2026\/08\/369664-860x483.jpg 860w, https:\/\/elalto.gob.bo\/noticias\/wp-content\/uploads\/2026\/08\/369664.jpg 1280w\" sizes=\"auto, (max-width: 1024px) 100vw, 1024px\" \/><\/figure>\n\n\n\n<p class=\"wp-block-paragraph\">Por su parte, las familias del sector expresaron su entusiasmo ante la concreci\u00f3n de proyectos anhelados durante a\u00f1os. \u00abEstamos muy felices como vecinos, en vida vamos a ver una cancha sint\u00e9tica; nuestros hijos y nietos van a jugar aqu\u00ed y vamos a sacar jugadores profesionales, ese es nuestro anhelo. Una reconstrucci\u00f3n as\u00ed para nosotros es algo muy lindo y estamos felices\u00bb, manifest\u00f3 Fernando Paco Patzi, vecino de la zona 16 de Febrero (Fabriles).<\/p>\n\n\n\n<p class=\"wp-block-paragraph\">De esta manera, el Distrito 4 contin\u00faa trabajando de forma constante tanto en el inicio como en la entrega de proyectos, demostrando el compromiso municipal con el crecimiento, la mejora y el embellecimiento de cada espacio del sector.<br>\/\/\/\/<\/p>\n\n\n\n<p class=\"wp-block-paragraph\"><\/p>\n","protected":false},"excerpt":{"rendered":"<p>PRENSA GAMEA \/ Vie 28.0.82026 Con alegr\u00eda, emoci\u00f3n y la promesa de ver a ni\u00f1os y j\u00f3venes jugar en mejores condiciones, los vecinos del Distrito 4 celebraron el inicio de cuatro esperadas obras para su comunidad. Con un presupuesto que supera los Bs 690 mil, el municipio arranc\u00f3 los trabajos orientados a revitalizar plazas, canchas [&hellip;]<\/p>\n","protected":false},"author":17,"featured_media":27241,"comment_status":"open","ping_status":"open","sticky":false,"template":"","format":"standard","meta":{"content-type":"","footnotes":""},"categories":[165],"tags":[],"class_list":["post-27238","post","type-post","status-publish","format-standard","has-post-thumbnail","category-subalcaldias"],"_links":{"self":[{"href":"https:\/\/elalto.gob.bo\/noticias\/index.php?rest_route=\/wp\/v2\/posts\/27238","targetHints":{"allow":["GET"]}}],"collection":[{"href":"https:\/\/elalto.gob.bo\/noticias\/index.php?rest_route=\/wp\/v2\/posts"}],"about":[{"href":"https:\/\/elalto.gob.bo\/noticias\/index.php?rest_route=\/wp\/v2\/types\/post"}],"author":[{"embeddable":true,"href":"https:\/\/elalto.gob.bo\/noticias\/index.php?rest_route=\/wp\/v2\/users\/17"}],"replies":[{"embeddable":true,"href":"https:\/\/elalto.gob.bo\/noticias\/index.php?rest_route=%2Fwp%2Fv2%2Fcomments&post=27238"}],"version-history":[{"count":1,"href":"https:\/\/elalto.gob.bo\/noticias\/index.php?rest_route=\/wp\/v2\/posts\/27238\/revisions"}],"predecessor-version":[{"id":27242,"href":"https:\/\/elalto.gob.bo\/noticias\/index.php?rest_route=\/wp\/v2\/posts\/27238\/revisions\/27242"}],"wp:featuredmedia":[{"embeddable":true,"href":"https:\/\/elalto.gob.bo\/noticias\/index.php?rest_route=\/wp\/v2\/media\/27241"}],"wp:attachment":[{"href":"https:\/\/elalto.gob.bo\/noticias\/index.php?rest_route=%2Fwp%2Fv2%2Fmedia&parent=27238"}],"wp:term":[{"taxonomy":"category","embeddable":true,"href":"https:\/\/elalto.gob.bo\/noticias\/index.php?rest_route=%2Fwp%2Fv2%2Fcategories&post=27238"},{"taxonomy":"post_tag","embeddable":true,"href":"https:\/\/elalto.gob.bo\/noticias\/index.php?rest_route=%2Fwp%2Fv2%2Ftags&post=27238"}],"curies":[{"name":"wp","href":"https:\/\/api.w.org\/{rel}","templated":true}]}}