{"id":27246,"date":"2026-08-31T13:50:17","date_gmt":"2026-08-31T17:50:17","guid":{"rendered":"https:\/\/elalto.gob.bo\/noticias\/?p=27246"},"modified":"2026-08-31T13:50:20","modified_gmt":"2026-08-31T17:50:20","slug":"distrito-3-entrega-techado-de-graderias-en-la-cancha-sintetica-de-yunguyo","status":"publish","type":"post","link":"https:\/\/elalto.gob.bo\/noticias\/?p=27246","title":{"rendered":"Distrito 3 entrega techado de grader\u00edas en la cancha sint\u00e9tica de Yunguyo"},"content":{"rendered":"\n<p class=\"wp-block-paragraph\">PRENSA GAMEA \/ Lun 31.08.2026<\/p>\n\n\n\n<p class=\"wp-block-paragraph\">En un ambiente de alegr\u00eda vecinal, la Subalcald\u00eda del Distrito Municipal 3 hizo la entrega oficial de la \u00faltima fase de la cancha de f\u00fatbol de c\u00e9sped sint\u00e9tico Yunguyo Moj\u00f3n Villa Adela &#8211; Collpani. La obra beneficia directamente a las ni\u00f1as, ni\u00f1os, j\u00f3venes y familias del barrio, quienes ahora cuentan con un lugar c\u00f3modo y adecuado para hacer deporte y compartir en comunidad.<\/p>\n\n\n\n<figure class=\"wp-block-image size-large\"><img loading=\"lazy\" loading=\"lazy\" decoding=\"async\" width=\"1024\" height=\"768\" src=\"https:\/\/elalto.gob.bo\/noticias\/wp-content\/uploads\/2026\/08\/WhatsApp-Image-2026-08-31-at-1.45.29-PM-1024x768.jpeg\" alt=\"\" class=\"wp-image-27247\" srcset=\"https:\/\/elalto.gob.bo\/noticias\/wp-content\/uploads\/2026\/08\/WhatsApp-Image-2026-08-31-at-1.45.29-PM-1024x768.jpeg 1024w, https:\/\/elalto.gob.bo\/noticias\/wp-content\/uploads\/2026\/08\/WhatsApp-Image-2026-08-31-at-1.45.29-PM-300x225.jpeg 300w, https:\/\/elalto.gob.bo\/noticias\/wp-content\/uploads\/2026\/08\/WhatsApp-Image-2026-08-31-at-1.45.29-PM-768x576.jpeg 768w, https:\/\/elalto.gob.bo\/noticias\/wp-content\/uploads\/2026\/08\/WhatsApp-Image-2026-08-31-at-1.45.29-PM-860x645.jpeg 860w, https:\/\/elalto.gob.bo\/noticias\/wp-content\/uploads\/2026\/08\/WhatsApp-Image-2026-08-31-at-1.45.29-PM.jpeg 1280w\" sizes=\"auto, (max-width: 1024px) 100vw, 1024px\" \/><\/figure>\n\n\n\n<p class=\"wp-block-paragraph\">Esta etapa final cont\u00f3 con una inversi\u00f3n superior a Bs 199 mil, dinero que se us\u00f3 para construir el techo de las grader\u00edas. Esta mejora proteger\u00e1 del sol y la lluvia a los vecinos y familias que van a ver los partidos de f\u00fatbol y a apoyar a los equipos de la zona.<\/p>\n\n\n\n<p class=\"wp-block-paragraph\">La entrega de la obra se celebr\u00f3 con la tradicional ch&#8217;alla y el corte de cinta junto a los dirigentes y vecinos de Yunguyo, quienes expresaron su satisfacci\u00f3n al ver su cancha terminada y lista para usarse en mejores condiciones.<\/p>\n\n\n\n<figure class=\"wp-block-image size-large\"><img loading=\"lazy\" loading=\"lazy\" decoding=\"async\" width=\"1024\" height=\"768\" src=\"https:\/\/elalto.gob.bo\/noticias\/wp-content\/uploads\/2026\/08\/WhatsApp-Image-2026-08-31-at-1.45.28-PM-1024x768.jpeg\" alt=\"\" class=\"wp-image-27248\" srcset=\"https:\/\/elalto.gob.bo\/noticias\/wp-content\/uploads\/2026\/08\/WhatsApp-Image-2026-08-31-at-1.45.28-PM-1024x768.jpeg 1024w, https:\/\/elalto.gob.bo\/noticias\/wp-content\/uploads\/2026\/08\/WhatsApp-Image-2026-08-31-at-1.45.28-PM-300x225.jpeg 300w, https:\/\/elalto.gob.bo\/noticias\/wp-content\/uploads\/2026\/08\/WhatsApp-Image-2026-08-31-at-1.45.28-PM-768x576.jpeg 768w, https:\/\/elalto.gob.bo\/noticias\/wp-content\/uploads\/2026\/08\/WhatsApp-Image-2026-08-31-at-1.45.28-PM-860x645.jpeg 860w, https:\/\/elalto.gob.bo\/noticias\/wp-content\/uploads\/2026\/08\/WhatsApp-Image-2026-08-31-at-1.45.28-PM.jpeg 1280w\" sizes=\"auto, (max-width: 1024px) 100vw, 1024px\" \/><\/figure>\n\n\n\n<p class=\"wp-block-paragraph\">\u00abYunguyo se merece obras de calidad; con la entrega de este techado completamos un espacio digno para nuestros j\u00f3venes y ni\u00f1os, fomentando la integraci\u00f3n y la actividad f\u00edsica en un entorno protegido\u00bb, destac\u00f3 el Subalcalde del Distrito 3, Guillermo Mamani Segura, al reafirmar el compromiso de la gesti\u00f3n municipal de seguir construyendo obras \u00fatiles y seguras para los barrios.<br>\/\/\/\/\/<\/p>\n","protected":false},"excerpt":{"rendered":"<p>PRENSA GAMEA \/ Lun 31.08.2026 En un ambiente de alegr\u00eda vecinal, la Subalcald\u00eda del Distrito Municipal 3 hizo la entrega oficial de la \u00faltima fase de la cancha de f\u00fatbol de c\u00e9sped sint\u00e9tico Yunguyo Moj\u00f3n Villa Adela &#8211; Collpani. La obra beneficia directamente a las ni\u00f1as, ni\u00f1os, j\u00f3venes y familias del barrio, quienes ahora cuentan [&hellip;]<\/p>\n","protected":false},"author":17,"featured_media":27249,"comment_status":"open","ping_status":"open","sticky":false,"template":"","format":"standard","meta":{"content-type":"","footnotes":""},"categories":[165],"tags":[],"class_list":["post-27246","post","type-post","status-publish","format-standard","has-post-thumbnail","category-subalcaldias"],"_links":{"self":[{"href":"https:\/\/elalto.gob.bo\/noticias\/index.php?rest_route=\/wp\/v2\/posts\/27246","targetHints":{"allow":["GET"]}}],"collection":[{"href":"https:\/\/elalto.gob.bo\/noticias\/index.php?rest_route=\/wp\/v2\/posts"}],"about":[{"href":"https:\/\/elalto.gob.bo\/noticias\/index.php?rest_route=\/wp\/v2\/types\/post"}],"author":[{"embeddable":true,"href":"https:\/\/elalto.gob.bo\/noticias\/index.php?rest_route=\/wp\/v2\/users\/17"}],"replies":[{"embeddable":true,"href":"https:\/\/elalto.gob.bo\/noticias\/index.php?rest_route=%2Fwp%2Fv2%2Fcomments&post=27246"}],"version-history":[{"count":1,"href":"https:\/\/elalto.gob.bo\/noticias\/index.php?rest_route=\/wp\/v2\/posts\/27246\/revisions"}],"predecessor-version":[{"id":27250,"href":"https:\/\/elalto.gob.bo\/noticias\/index.php?rest_route=\/wp\/v2\/posts\/27246\/revisions\/27250"}],"wp:featuredmedia":[{"embeddable":true,"href":"https:\/\/elalto.gob.bo\/noticias\/index.php?rest_route=\/wp\/v2\/media\/27249"}],"wp:attachment":[{"href":"https:\/\/elalto.gob.bo\/noticias\/index.php?rest_route=%2Fwp%2Fv2%2Fmedia&parent=27246"}],"wp:term":[{"taxonomy":"category","embeddable":true,"href":"https:\/\/elalto.gob.bo\/noticias\/index.php?rest_route=%2Fwp%2Fv2%2Fcategories&post=27246"},{"taxonomy":"post_tag","embeddable":true,"href":"https:\/\/elalto.gob.bo\/noticias\/index.php?rest_route=%2Fwp%2Fv2%2Ftags&post=27246"}],"curies":[{"name":"wp","href":"https:\/\/api.w.org\/{rel}","templated":true}]}}