{"id":27255,"date":"2026-08-31T15:57:32","date_gmt":"2026-08-31T19:57:32","guid":{"rendered":"https:\/\/elalto.gob.bo\/noticias\/?p=27255"},"modified":"2026-08-31T15:57:35","modified_gmt":"2026-08-31T19:57:35","slug":"arranca-la-copa-confraternidad-del-adulto-mayor-en-el-alto","status":"publish","type":"post","link":"https:\/\/elalto.gob.bo\/noticias\/?p=27255","title":{"rendered":"Arranca la \u201cCopa Confraternidad del Adulto Mayor\u201d en El Alto"},"content":{"rendered":"\n<p class=\"wp-block-paragraph\">PRENSA GAMEA\/ 31.08.2026<\/p>\n\n\n\n<p class=\"wp-block-paragraph\">Con camisetas deportivas, balones en mano y mucha energ\u00eda, m\u00e1s de 10 asociaciones de personas adultas mayores de El Alto, dieron inicio a la \u201cCopa Confraternidad del Adulto Mayor\u201d.<\/p>\n\n\n\n<p class=\"wp-block-paragraph\">La Alcald\u00eda de El Alto a trav\u00e9s de la Secretar\u00eda Municipal de Desarrollo Humano y la Direcci\u00f3n de Desarrollo Integral inauguraron el campeonato que re\u00fane a mujeres y varones en las disciplinas de bal\u00f3n mano y f\u00fatbol, respectivamente.<\/p>\n\n\n\n<figure class=\"wp-block-image size-large\"><img loading=\"lazy\" loading=\"lazy\" decoding=\"async\" width=\"1024\" height=\"768\" src=\"https:\/\/elalto.gob.bo\/noticias\/wp-content\/uploads\/2026\/08\/WhatsApp-Image-2026-08-31-at-3.42.06-PM-1024x768.jpeg\" alt=\"\" class=\"wp-image-27256\" srcset=\"https:\/\/elalto.gob.bo\/noticias\/wp-content\/uploads\/2026\/08\/WhatsApp-Image-2026-08-31-at-3.42.06-PM-1024x768.jpeg 1024w, https:\/\/elalto.gob.bo\/noticias\/wp-content\/uploads\/2026\/08\/WhatsApp-Image-2026-08-31-at-3.42.06-PM-300x225.jpeg 300w, https:\/\/elalto.gob.bo\/noticias\/wp-content\/uploads\/2026\/08\/WhatsApp-Image-2026-08-31-at-3.42.06-PM-768x576.jpeg 768w, https:\/\/elalto.gob.bo\/noticias\/wp-content\/uploads\/2026\/08\/WhatsApp-Image-2026-08-31-at-3.42.06-PM-1536x1152-1.jpeg 1536w, https:\/\/elalto.gob.bo\/noticias\/wp-content\/uploads\/2026\/08\/WhatsApp-Image-2026-08-31-at-3.42.06-PM-860x645.jpeg 860w, https:\/\/elalto.gob.bo\/noticias\/wp-content\/uploads\/2026\/08\/WhatsApp-Image-2026-08-31-at-3.42.06-PM.jpeg 1600w\" sizes=\"auto, (max-width: 1024px) 100vw, 1024px\" \/><\/figure>\n\n\n\n<p class=\"wp-block-paragraph\">Israel Fern\u00e1ndez, titular de la Secretar\u00eda, destac\u00f3 que la pr\u00e1ctica deportiva contribuye al bienestar f\u00edsico y emocional de las personas adultas mayores.<\/p>\n\n\n\n<p class=\"wp-block-paragraph\">\u201cEste tipo de pr\u00e1cticas deportivas ocasiona algo positivo en el adulto mayor, se siente feliz, \u00fatil y, sobre todo, le da vitalidad para continuar con sus actividades. Realizar actividad f\u00edsica contribuye a mejorar su calidad de vida\u201d, se\u00f1al\u00f3.<\/p>\n\n\n\n<p class=\"wp-block-paragraph\">Inform\u00f3 que el campeonato se desarrollar\u00e1 hasta diciembre y que la Alcald\u00eda gestionar\u00e1 los campos deportivos necesarios para garantizar la continuidad de los encuentros.<\/p>\n\n\n\n<p class=\"wp-block-paragraph\">Por su parte, el Director de Desarrollo Integral del municipio, Gregorio Condori, invit\u00f3 a las personas adultas mayores a sumarse a las actividades y recabar informaci\u00f3n en el Jach\u2019a Uta.<\/p>\n\n\n\n<p class=\"wp-block-paragraph\">Durante la inauguraci\u00f3n, Humberto Ramos, Presidente de la Urbanizaci\u00f3n 1ro de Mayo, agradeci\u00f3 a la Alcald\u00eda por realizar el campeonato en su zona y destac\u00f3 que se trata de una actividad sana y de confraternizaci\u00f3n.<br>\u201cEs un orgullo que este evento se realice en nuestra zona\u201d, expres\u00f3.<\/p>\n\n\n\n<p class=\"wp-block-paragraph\">Las personas adultas mayores tambi\u00e9n destacaron los beneficios de participar en la competencia. Gregoria Flores se\u00f1al\u00f3 que jugar le permite sentirse feliz y olvidar sus preocupaciones.<\/p>\n\n\n\n<p class=\"wp-block-paragraph\">\u201cSoy feliz al jugar, me olvido de mis penas. Invito a nuestros compa\u00f1eros a que vengan, porque esto ayuda a nuestra salud\u201d, manifest\u00f3.<\/p>\n\n\n\n<figure class=\"wp-block-image size-large\"><img loading=\"lazy\" loading=\"lazy\" decoding=\"async\" width=\"1024\" height=\"768\" src=\"https:\/\/elalto.gob.bo\/noticias\/wp-content\/uploads\/2026\/08\/WhatsApp-Image-2026-08-31-at-3.42.07-PM-1024x768.jpeg\" alt=\"\" class=\"wp-image-27257\" srcset=\"https:\/\/elalto.gob.bo\/noticias\/wp-content\/uploads\/2026\/08\/WhatsApp-Image-2026-08-31-at-3.42.07-PM-1024x768.jpeg 1024w, https:\/\/elalto.gob.bo\/noticias\/wp-content\/uploads\/2026\/08\/WhatsApp-Image-2026-08-31-at-3.42.07-PM-300x225.jpeg 300w, https:\/\/elalto.gob.bo\/noticias\/wp-content\/uploads\/2026\/08\/WhatsApp-Image-2026-08-31-at-3.42.07-PM-768x576.jpeg 768w, https:\/\/elalto.gob.bo\/noticias\/wp-content\/uploads\/2026\/08\/WhatsApp-Image-2026-08-31-at-3.42.07-PM-1536x1152-1.jpeg 1536w, https:\/\/elalto.gob.bo\/noticias\/wp-content\/uploads\/2026\/08\/WhatsApp-Image-2026-08-31-at-3.42.07-PM-860x645.jpeg 860w, https:\/\/elalto.gob.bo\/noticias\/wp-content\/uploads\/2026\/08\/WhatsApp-Image-2026-08-31-at-3.42.07-PM.jpeg 1600w\" sizes=\"auto, (max-width: 1024px) 100vw, 1024px\" \/><\/figure>\n\n\n\n<p class=\"wp-block-paragraph\">Asimismo, Jos\u00e9 Condori afirm\u00f3 que continuar practicando deporte les permite mantenerse activos y agradeci\u00f3 el apoyo del municipio.<\/p>\n\n\n\n<p class=\"wp-block-paragraph\">\u201cEs un orgullo participar. Sigamos hasta donde podamos y hasta donde Dios nos permita. Podemos seguir jugando porque esto nos mantiene activos. Agradezco al alcalde Eliser Roca\u201d, sostuvo.<\/p>\n\n\n\n<p class=\"wp-block-paragraph\">La actividad busca promover la actividad f\u00edsica, fortalecer la convivencia y contribuir al bienestar f\u00edsico y emocional de este sector de la poblaci\u00f3n.<br>\/\/\/\/\/<\/p>\n","protected":false},"excerpt":{"rendered":"<p>PRENSA GAMEA\/ 31.08.2026 Con camisetas deportivas, balones en mano y mucha energ\u00eda, m\u00e1s de 10 asociaciones de personas adultas mayores de El Alto, dieron inicio a la \u201cCopa Confraternidad del Adulto Mayor\u201d. La Alcald\u00eda de El Alto a trav\u00e9s de la Secretar\u00eda Municipal de Desarrollo Humano y la Direcci\u00f3n de Desarrollo Integral inauguraron el campeonato [&hellip;]<\/p>\n","protected":false},"author":17,"featured_media":27258,"comment_status":"open","ping_status":"open","sticky":false,"template":"","format":"standard","meta":{"content-type":"","footnotes":""},"categories":[161],"tags":[],"class_list":["post-27255","post","type-post","status-publish","format-standard","has-post-thumbnail","category-actividades"],"_links":{"self":[{"href":"https:\/\/elalto.gob.bo\/noticias\/index.php?rest_route=\/wp\/v2\/posts\/27255","targetHints":{"allow":["GET"]}}],"collection":[{"href":"https:\/\/elalto.gob.bo\/noticias\/index.php?rest_route=\/wp\/v2\/posts"}],"about":[{"href":"https:\/\/elalto.gob.bo\/noticias\/index.php?rest_route=\/wp\/v2\/types\/post"}],"author":[{"embeddable":true,"href":"https:\/\/elalto.gob.bo\/noticias\/index.php?rest_route=\/wp\/v2\/users\/17"}],"replies":[{"embeddable":true,"href":"https:\/\/elalto.gob.bo\/noticias\/index.php?rest_route=%2Fwp%2Fv2%2Fcomments&post=27255"}],"version-history":[{"count":1,"href":"https:\/\/elalto.gob.bo\/noticias\/index.php?rest_route=\/wp\/v2\/posts\/27255\/revisions"}],"predecessor-version":[{"id":27259,"href":"https:\/\/elalto.gob.bo\/noticias\/index.php?rest_route=\/wp\/v2\/posts\/27255\/revisions\/27259"}],"wp:featuredmedia":[{"embeddable":true,"href":"https:\/\/elalto.gob.bo\/noticias\/index.php?rest_route=\/wp\/v2\/media\/27258"}],"wp:attachment":[{"href":"https:\/\/elalto.gob.bo\/noticias\/index.php?rest_route=%2Fwp%2Fv2%2Fmedia&parent=27255"}],"wp:term":[{"taxonomy":"category","embeddable":true,"href":"https:\/\/elalto.gob.bo\/noticias\/index.php?rest_route=%2Fwp%2Fv2%2Fcategories&post=27255"},{"taxonomy":"post_tag","embeddable":true,"href":"https:\/\/elalto.gob.bo\/noticias\/index.php?rest_route=%2Fwp%2Fv2%2Ftags&post=27255"}],"curies":[{"name":"wp","href":"https:\/\/api.w.org\/{rel}","templated":true}]}}