{"id":27261,"date":"2026-08-31T15:59:42","date_gmt":"2026-08-31T19:59:42","guid":{"rendered":"https:\/\/elalto.gob.bo\/noticias\/?p=27261"},"modified":"2026-08-31T15:59:44","modified_gmt":"2026-08-31T19:59:44","slug":"capacitan-a-responsables-de-farmacia-de-los-centros-de-salud-en-manejo-de-medicamentos","status":"publish","type":"post","link":"https:\/\/elalto.gob.bo\/noticias\/?p=27261","title":{"rendered":"Capacitan a responsables de farmacia de los Centros de Salud en manejo de medicamentos"},"content":{"rendered":"\n<p class=\"wp-block-paragraph\">Prensa GAMEA\/Lun 31.08.26<\/p>\n\n\n\n<p class=\"wp-block-paragraph\">Con la finalidad de mejorar el servicio hacia la poblaci\u00f3n y cualificar las aptitudes en el ejercicio t\u00e9cnico y profesional, el municipio capacita a los responsables, auxiliares y regentes farmac\u00e9uticos de los 58 Centros de Salud de la ciudad de El Alto en el adecuado manejo de los medicamentos.<\/p>\n\n\n\n<p class=\"wp-block-paragraph\">Esta es una actividad circunscrita dentro de la gesti\u00f3n institucional a objeto de compartir conocimientos para una buena dispensaci\u00f3n de medicamentos en el primer nivel de salud. \u201cDebemos manifestar a nuestro personal, recordarles las funciones que deben cumplir en el manejo, cuidado y correcto descargo, en el uso adecuado de los instrumentos como el SALMI para poder generar en el municipio un uso eficiente de estos recursos, de estos medicamentos, para que puedan llegar a las personas que realmente necesiten y que lleguen con calidad\u201d, dijo el Director de Establecimientos de Salud de Primer Nivel del municipio, Roy V\u00e9lez.<\/p>\n\n\n\n<figure class=\"wp-block-image size-large\"><img loading=\"lazy\" loading=\"lazy\" decoding=\"async\" width=\"1024\" height=\"449\" src=\"https:\/\/elalto.gob.bo\/noticias\/wp-content\/uploads\/2026\/08\/WhatsApp-Image-2026-08-31-at-3.46.33-PM-1024x449.jpeg\" alt=\"\" class=\"wp-image-27262\" srcset=\"https:\/\/elalto.gob.bo\/noticias\/wp-content\/uploads\/2026\/08\/WhatsApp-Image-2026-08-31-at-3.46.33-PM-1024x449.jpeg 1024w, https:\/\/elalto.gob.bo\/noticias\/wp-content\/uploads\/2026\/08\/WhatsApp-Image-2026-08-31-at-3.46.33-PM-300x132.jpeg 300w, https:\/\/elalto.gob.bo\/noticias\/wp-content\/uploads\/2026\/08\/WhatsApp-Image-2026-08-31-at-3.46.33-PM-766x336.jpeg 766w, https:\/\/elalto.gob.bo\/noticias\/wp-content\/uploads\/2026\/08\/WhatsApp-Image-2026-08-31-at-3.46.33-PM-1536x673.jpeg 1536w, https:\/\/elalto.gob.bo\/noticias\/wp-content\/uploads\/2026\/08\/WhatsApp-Image-2026-08-31-at-3.46.33-PM-860x377.jpeg 860w, https:\/\/elalto.gob.bo\/noticias\/wp-content\/uploads\/2026\/08\/WhatsApp-Image-2026-08-31-at-3.46.33-PM.jpeg 1600w\" sizes=\"auto, (max-width: 1024px) 100vw, 1024px\" \/><\/figure>\n\n\n\n<p class=\"wp-block-paragraph\">Roy V\u00e9lez resalt\u00f3 la importancia de transmitir conocimientos sobre el manejo del Sistema Inform\u00e1tico de Administraci\u00f3n Log\u00edstica de Medicamentos e Insumos (SALMI). Sistema establecido para hacer el descargo de los medicamentos, el manejo del recibo recetario y los procedimientos del llenado, las solicitudes de requerimientos, as\u00ed como el inventario f\u00edsico de medicamentos, habida cuenta que cada mes el personal farmac\u00e9utico debe realizar esta tarea.<\/p>\n\n\n\n<p class=\"wp-block-paragraph\">\u201cA trav\u00e9s de herramientas digitales, de software, es que se hace el manejo y descargo de esos medicamentos, pero no queda de lado, siempre se tiene que hacer un inventario f\u00edsico de medicamentos para contrastar la parte que es de sistemas y la parte que es f\u00edsica de medicamentos\u201d, indic\u00f3.<\/p>\n\n\n\n<p class=\"wp-block-paragraph\">Sobre este taller de capacitaci\u00f3n relacionado a la gesti\u00f3n administrativa, una de las asistentes, Olivia Ceballos C\u00e1rdenas quien desempe\u00f1a las funciones de auxiliar de farmacia del Centro de Salud Alto Chijini de la Red Corea, manifest\u00f3 que \u201cnos est\u00e1n capacitando y esta bien, tal vez han cambiado cosas, entonces se ha modificado lo que son algunas situaciones con el SUS y es muy interesante la capacitaci\u00f3n\u201d. Dijo que su trabajo diario consiste en la tramitaci\u00f3n de dispensaci\u00f3n de medicamentos, el almacenamiento de los mismos, realizaci\u00f3n de los cardex, las entradas y salidas de los pacientes.<\/p>\n\n\n\n<p class=\"wp-block-paragraph\">Elmer Huarina, otro de los part\u00edcipes a la capacitaci\u00f3n quien ejerce las tareas de encargado de farmacia del Centro de Salud San Jos\u00e9 de Charapaqui tambi\u00e9n de la Red Corea, mencion\u00f3 que su labor es a veces complicado m\u00e1s que todo por la cantidad de pacientes que asisten al centro, tambi\u00e9n por la cantidad de medicamentos que salen y por las atenciones realizadas en el Centro de Salud. \u201cMi trabajo es la dispensaci\u00f3n de los pacientes atendidos de acuerdo a las patolog\u00edas, deficiencias que tengan, tambi\u00e9n algunos tratamientos que se realizan como hipertensi\u00f3n, diabetes y todo ello\u201d, dijo.<br>\/\/\/\/\/\/<\/p>\n","protected":false},"excerpt":{"rendered":"<p>Prensa GAMEA\/Lun 31.08.26 Con la finalidad de mejorar el servicio hacia la poblaci\u00f3n y cualificar las aptitudes en el ejercicio t\u00e9cnico y profesional, el municipio capacita a los responsables, auxiliares y regentes farmac\u00e9uticos de los 58 Centros de Salud de la ciudad de El Alto en el adecuado manejo de los medicamentos. Esta es una [&hellip;]<\/p>\n","protected":false},"author":17,"featured_media":27263,"comment_status":"open","ping_status":"open","sticky":false,"template":"","format":"standard","meta":{"content-type":"","footnotes":""},"categories":[160],"tags":[],"class_list":["post-27261","post","type-post","status-publish","format-standard","has-post-thumbnail","category-salud"],"_links":{"self":[{"href":"https:\/\/elalto.gob.bo\/noticias\/index.php?rest_route=\/wp\/v2\/posts\/27261","targetHints":{"allow":["GET"]}}],"collection":[{"href":"https:\/\/elalto.gob.bo\/noticias\/index.php?rest_route=\/wp\/v2\/posts"}],"about":[{"href":"https:\/\/elalto.gob.bo\/noticias\/index.php?rest_route=\/wp\/v2\/types\/post"}],"author":[{"embeddable":true,"href":"https:\/\/elalto.gob.bo\/noticias\/index.php?rest_route=\/wp\/v2\/users\/17"}],"replies":[{"embeddable":true,"href":"https:\/\/elalto.gob.bo\/noticias\/index.php?rest_route=%2Fwp%2Fv2%2Fcomments&post=27261"}],"version-history":[{"count":1,"href":"https:\/\/elalto.gob.bo\/noticias\/index.php?rest_route=\/wp\/v2\/posts\/27261\/revisions"}],"predecessor-version":[{"id":27264,"href":"https:\/\/elalto.gob.bo\/noticias\/index.php?rest_route=\/wp\/v2\/posts\/27261\/revisions\/27264"}],"wp:featuredmedia":[{"embeddable":true,"href":"https:\/\/elalto.gob.bo\/noticias\/index.php?rest_route=\/wp\/v2\/media\/27263"}],"wp:attachment":[{"href":"https:\/\/elalto.gob.bo\/noticias\/index.php?rest_route=%2Fwp%2Fv2%2Fmedia&parent=27261"}],"wp:term":[{"taxonomy":"category","embeddable":true,"href":"https:\/\/elalto.gob.bo\/noticias\/index.php?rest_route=%2Fwp%2Fv2%2Fcategories&post=27261"},{"taxonomy":"post_tag","embeddable":true,"href":"https:\/\/elalto.gob.bo\/noticias\/index.php?rest_route=%2Fwp%2Fv2%2Ftags&post=27261"}],"curies":[{"name":"wp","href":"https:\/\/api.w.org\/{rel}","templated":true}]}}