{"id":27266,"date":"2026-08-31T16:58:31","date_gmt":"2026-08-31T20:58:31","guid":{"rendered":"https:\/\/elalto.gob.bo\/noticias\/?p=27266"},"modified":"2026-08-31T16:58:34","modified_gmt":"2026-08-31T20:58:34","slug":"el-alto-fue-sede-del-campeonato-nacional-miss-y-mister-bolivia-primeras-de-honor-2026","status":"publish","type":"post","link":"https:\/\/elalto.gob.bo\/noticias\/?p=27266","title":{"rendered":"El Alto fue sede del Campeonato Nacional Miss y M\u00edster Bolivia Primeras de Honor 2026"},"content":{"rendered":"\n<p class=\"wp-block-paragraph\"><em>PRENSA GAMEA\/ 31.08.2026<\/em><\/p>\n\n\n\n<p class=\"wp-block-paragraph\">El Teatro Ra\u00fal Salm\u00f3n de la Ceja alberg\u00f3 este fin de semana el Campeonato Nacional Miss y M\u00edster Bolivia Primeras de Honor 2026, organizado por la Federaci\u00f3n Boliviana de Fisicoculturismo Fitness (IFBB Bolivia), con el apoyo de la Alcald\u00eda de El Alto a trav\u00e9s de la Direcci\u00f3n de Deportes de la Secretar\u00eda Municipal de Desarrollo Humano y Social Integral.<\/p>\n\n\n\n<p class=\"wp-block-paragraph\">El certamen congreg\u00f3 a destacados atletas de todo el pa\u00eds, quienes demostraron su preparaci\u00f3n, disciplina y nivel f\u00edsico en las diferentes categor\u00edas de competencia.<\/p>\n\n\n\n<figure class=\"wp-block-image size-large\"><img loading=\"lazy\" loading=\"lazy\" decoding=\"async\" width=\"1024\" height=\"576\" src=\"https:\/\/elalto.gob.bo\/noticias\/wp-content\/uploads\/2026\/08\/371851-1024x576.jpg\" alt=\"\" class=\"wp-image-27267\" srcset=\"https:\/\/elalto.gob.bo\/noticias\/wp-content\/uploads\/2026\/08\/371851-1024x576.jpg 1024w, https:\/\/elalto.gob.bo\/noticias\/wp-content\/uploads\/2026\/08\/371851-300x169.jpg 300w, https:\/\/elalto.gob.bo\/noticias\/wp-content\/uploads\/2026\/08\/371851-768x432.jpg 768w, https:\/\/elalto.gob.bo\/noticias\/wp-content\/uploads\/2026\/08\/371851-1536x864-1.jpg 1536w, https:\/\/elalto.gob.bo\/noticias\/wp-content\/uploads\/2026\/08\/371851-860x483.jpg 860w, https:\/\/elalto.gob.bo\/noticias\/wp-content\/uploads\/2026\/08\/371851.jpg 1920w\" sizes=\"auto, (max-width: 1024px) 100vw, 1024px\" \/><\/figure>\n\n\n\n<p class=\"wp-block-paragraph\">La actividad tuvo especial importancia para esta disciplina deportiva, debido a que fue de car\u00e1cter clasificatorio para el pr\u00f3ximo Campeonato Sudamericano de la Confederaci\u00f3n Sudamericana de Fitness y Fisicoculturismo (CSFF). Los participantes buscaron obtener los mejores resultados con el objetivo de representar a Bolivia en el escenario internacional.<\/p>\n\n\n\n<p class=\"wp-block-paragraph\">La jornada concluy\u00f3 con el reconocimiento al esfuerzo y preparaci\u00f3n de los deportistas. Los ganadores de cada categor\u00eda recibieron estatuillas de 40 cent\u00edmetros, mientras que los campeones absolutos fueron distinguidos con trofeos de 60 cent\u00edmetros.<\/p>\n\n\n\n<figure class=\"wp-block-image size-large\"><img loading=\"lazy\" loading=\"lazy\" decoding=\"async\" width=\"576\" height=\"1024\" src=\"https:\/\/elalto.gob.bo\/noticias\/wp-content\/uploads\/2026\/08\/371848-576x1024.jpg\" alt=\"\" class=\"wp-image-27268\" srcset=\"https:\/\/elalto.gob.bo\/noticias\/wp-content\/uploads\/2026\/08\/371848-576x1024.jpg 576w, https:\/\/elalto.gob.bo\/noticias\/wp-content\/uploads\/2026\/08\/371848-169x300.jpg 169w, https:\/\/elalto.gob.bo\/noticias\/wp-content\/uploads\/2026\/08\/371848-768x1365.jpg 768w, https:\/\/elalto.gob.bo\/noticias\/wp-content\/uploads\/2026\/08\/371848-864x1536.jpg 864w, https:\/\/elalto.gob.bo\/noticias\/wp-content\/uploads\/2026\/08\/371848-860x1528.jpg 860w, https:\/\/elalto.gob.bo\/noticias\/wp-content\/uploads\/2026\/08\/371848.jpg 1080w\" sizes=\"auto, (max-width: 576px) 100vw, 576px\" \/><\/figure>\n\n\n\n<p class=\"wp-block-paragraph\">Con la realizaci\u00f3n de este campeonato nacional, IFBB Bolivia y el municipio de El Alto reafirmaron su compromiso con la promoci\u00f3n y fortalecimiento del fisicoculturismo, el fitness y el deporte de alto rendimiento en el pa\u00eds.<br>\/\/\/\/<\/p>\n","protected":false},"excerpt":{"rendered":"<p>PRENSA GAMEA\/ 31.08.2026 El Teatro Ra\u00fal Salm\u00f3n de la Ceja alberg\u00f3 este fin de semana el Campeonato Nacional Miss y M\u00edster Bolivia Primeras de Honor 2026, organizado por la Federaci\u00f3n Boliviana de Fisicoculturismo Fitness (IFBB Bolivia), con el apoyo de la Alcald\u00eda de El Alto a trav\u00e9s de la Direcci\u00f3n de Deportes de la Secretar\u00eda [&hellip;]<\/p>\n","protected":false},"author":17,"featured_media":27269,"comment_status":"open","ping_status":"open","sticky":false,"template":"","format":"standard","meta":{"content-type":"","footnotes":""},"categories":[163],"tags":[],"class_list":["post-27266","post","type-post","status-publish","format-standard","has-post-thumbnail","category-deportes"],"_links":{"self":[{"href":"https:\/\/elalto.gob.bo\/noticias\/index.php?rest_route=\/wp\/v2\/posts\/27266","targetHints":{"allow":["GET"]}}],"collection":[{"href":"https:\/\/elalto.gob.bo\/noticias\/index.php?rest_route=\/wp\/v2\/posts"}],"about":[{"href":"https:\/\/elalto.gob.bo\/noticias\/index.php?rest_route=\/wp\/v2\/types\/post"}],"author":[{"embeddable":true,"href":"https:\/\/elalto.gob.bo\/noticias\/index.php?rest_route=\/wp\/v2\/users\/17"}],"replies":[{"embeddable":true,"href":"https:\/\/elalto.gob.bo\/noticias\/index.php?rest_route=%2Fwp%2Fv2%2Fcomments&post=27266"}],"version-history":[{"count":1,"href":"https:\/\/elalto.gob.bo\/noticias\/index.php?rest_route=\/wp\/v2\/posts\/27266\/revisions"}],"predecessor-version":[{"id":27270,"href":"https:\/\/elalto.gob.bo\/noticias\/index.php?rest_route=\/wp\/v2\/posts\/27266\/revisions\/27270"}],"wp:featuredmedia":[{"embeddable":true,"href":"https:\/\/elalto.gob.bo\/noticias\/index.php?rest_route=\/wp\/v2\/media\/27269"}],"wp:attachment":[{"href":"https:\/\/elalto.gob.bo\/noticias\/index.php?rest_route=%2Fwp%2Fv2%2Fmedia&parent=27266"}],"wp:term":[{"taxonomy":"category","embeddable":true,"href":"https:\/\/elalto.gob.bo\/noticias\/index.php?rest_route=%2Fwp%2Fv2%2Fcategories&post=27266"},{"taxonomy":"post_tag","embeddable":true,"href":"https:\/\/elalto.gob.bo\/noticias\/index.php?rest_route=%2Fwp%2Fv2%2Ftags&post=27266"}],"curies":[{"name":"wp","href":"https:\/\/api.w.org\/{rel}","templated":true}]}}