{"id":27271,"date":"2026-08-31T17:00:13","date_gmt":"2026-08-31T21:00:13","guid":{"rendered":"https:\/\/elalto.gob.bo\/noticias\/?p=27271"},"modified":"2026-08-31T17:00:16","modified_gmt":"2026-08-31T21:00:16","slug":"subalcaldia-del-distrito-3-retira-escombros-en-san-nicolas-paraiso-y-cosmos-u-v-b","status":"publish","type":"post","link":"https:\/\/elalto.gob.bo\/noticias\/?p=27271","title":{"rendered":"Subalcald\u00eda del Distrito 3 retira escombros en San Nicol\u00e1s, Para\u00edso y Cosmos U.V. B"},"content":{"rendered":"\n<p class=\"wp-block-paragraph\"><em>PRENSA GAMEA \/ Lun 31.08.2026<\/em><\/p>\n\n\n\n<p class=\"wp-block-paragraph\">Calles, avenidas y \u00e1reas vecinales de tres sectores del Distrito 3 quedaron despejadas y libres de materiales acumulados gracias a las cuadrillas de trabajo que moviliz\u00f3 la Subalcald\u00eda. El personal municipal intervino en la zona San Nicol\u00e1s, la urbanizaci\u00f3n Para\u00edso y en los alrededores de la Sede Social Cosmos U.V. B, habilitando los espacios p\u00fablicos para que las familias transiten con mayor comodidad y seguridad.<\/p>\n\n\n\n<p class=\"wp-block-paragraph\">Durante las jornadas de trabajo, el equipo municipal retir\u00f3 tierra, piedras y restos de construcci\u00f3n que bloqueaban el paso de peatones y veh\u00edculos. Con estas acciones, la Alcald\u00eda atiende de manera directa la solicitud de los vecinos para mantener las v\u00edas del barrio totalmente ordenadas y transitables.<\/p>\n\n\n\n<p class=\"wp-block-paragraph\">\u00abSeguimos trabajando en las calles para retirar los escombros y dejar los barrios limpios y ordenados para el bienestar de todas las familias\u00bb, destac\u00f3 el Subalcalde del Distrito 3, Guillermo Mamani, al se\u00f1alar que estos operativos continuar\u00e1n en m\u00e1s zonas del sector.<br>\/\/\/\/\/<\/p>\n","protected":false},"excerpt":{"rendered":"<p>PRENSA GAMEA \/ Lun 31.08.2026 Calles, avenidas y \u00e1reas vecinales de tres sectores del Distrito 3 quedaron despejadas y libres de materiales acumulados gracias a las cuadrillas de trabajo que moviliz\u00f3 la Subalcald\u00eda. El personal municipal intervino en la zona San Nicol\u00e1s, la urbanizaci\u00f3n Para\u00edso y en los alrededores de la Sede Social Cosmos U.V. [&hellip;]<\/p>\n","protected":false},"author":17,"featured_media":27272,"comment_status":"open","ping_status":"open","sticky":false,"template":"","format":"standard","meta":{"content-type":"","footnotes":""},"categories":[165],"tags":[],"class_list":["post-27271","post","type-post","status-publish","format-standard","has-post-thumbnail","category-subalcaldias"],"_links":{"self":[{"href":"https:\/\/elalto.gob.bo\/noticias\/index.php?rest_route=\/wp\/v2\/posts\/27271","targetHints":{"allow":["GET"]}}],"collection":[{"href":"https:\/\/elalto.gob.bo\/noticias\/index.php?rest_route=\/wp\/v2\/posts"}],"about":[{"href":"https:\/\/elalto.gob.bo\/noticias\/index.php?rest_route=\/wp\/v2\/types\/post"}],"author":[{"embeddable":true,"href":"https:\/\/elalto.gob.bo\/noticias\/index.php?rest_route=\/wp\/v2\/users\/17"}],"replies":[{"embeddable":true,"href":"https:\/\/elalto.gob.bo\/noticias\/index.php?rest_route=%2Fwp%2Fv2%2Fcomments&post=27271"}],"version-history":[{"count":1,"href":"https:\/\/elalto.gob.bo\/noticias\/index.php?rest_route=\/wp\/v2\/posts\/27271\/revisions"}],"predecessor-version":[{"id":27273,"href":"https:\/\/elalto.gob.bo\/noticias\/index.php?rest_route=\/wp\/v2\/posts\/27271\/revisions\/27273"}],"wp:featuredmedia":[{"embeddable":true,"href":"https:\/\/elalto.gob.bo\/noticias\/index.php?rest_route=\/wp\/v2\/media\/27272"}],"wp:attachment":[{"href":"https:\/\/elalto.gob.bo\/noticias\/index.php?rest_route=%2Fwp%2Fv2%2Fmedia&parent=27271"}],"wp:term":[{"taxonomy":"category","embeddable":true,"href":"https:\/\/elalto.gob.bo\/noticias\/index.php?rest_route=%2Fwp%2Fv2%2Fcategories&post=27271"},{"taxonomy":"post_tag","embeddable":true,"href":"https:\/\/elalto.gob.bo\/noticias\/index.php?rest_route=%2Fwp%2Fv2%2Ftags&post=27271"}],"curies":[{"name":"wp","href":"https:\/\/api.w.org\/{rel}","templated":true}]}}