{"id":27274,"date":"2026-08-31T17:25:55","date_gmt":"2026-08-31T21:25:55","guid":{"rendered":"https:\/\/elalto.gob.bo\/noticias\/?p=27274"},"modified":"2026-08-31T17:25:58","modified_gmt":"2026-08-31T21:25:58","slug":"distrito-11-se-reunira-con-el-ine-para-conocer-la-densidad-poblacional-y-su-crecimiento-vegetativo","status":"publish","type":"post","link":"https:\/\/elalto.gob.bo\/noticias\/?p=27274","title":{"rendered":"Distrito 11 se reunir\u00e1 con el INE para conocer la densidad poblacional y su crecimiento vegetativo"},"content":{"rendered":"\n<p class=\"wp-block-paragraph\"><em>Prensa GAMEA\/Lun 31.08.26<\/em><\/p>\n\n\n\n<p class=\"wp-block-paragraph\">Con el objeto de asumir conocimiento del nivel de crecimiento vegetativo y su densidad poblacional, la Subalcald\u00eda del Distrito Rural 11 se reunir\u00e1 con instancias competentes del Instituto Nacional de Estad\u00edstica (INE).<\/p>\n\n\n\n<p class=\"wp-block-paragraph\">El prop\u00f3sito es conocer con precisi\u00f3n y de manera oficial la cantidad poblacional del Distrito que est\u00e1 conformado por un \u00e1rea rural, pero tambi\u00e9n urbana. \u201cEstamos coordinando con las instancias correspondientes del INE para saber el dato exacto de la poblaci\u00f3n censada\u201d, se\u00f1al\u00f3 el Subalcalde del Distrito 11, Daniel Condori L\u00f3pez.<\/p>\n\n\n\n<p class=\"wp-block-paragraph\">La autoridad manifest\u00f3 que esta informaci\u00f3n ser\u00e1 fundamental para la planificaci\u00f3n de la gesti\u00f3n institucional, principalmente para la formulaci\u00f3n del Programa Operativo Anual (POA). \u201cEs muy importante esta referencia que nos brinden, esos datos exactos, cu\u00e1nta poblaci\u00f3n con precisi\u00f3n tenemos, para poder trabajar tambi\u00e9n posteriormente en el futuro el tema de lo que es la distribuci\u00f3n del POA 2027\u201d, manifest\u00f3.<\/p>\n\n\n\n<figure class=\"wp-block-image size-full\"><img loading=\"lazy\" loading=\"lazy\" decoding=\"async\" width=\"697\" height=\"397\" src=\"https:\/\/elalto.gob.bo\/noticias\/wp-content\/uploads\/2026\/08\/371899.jpg\" alt=\"\" class=\"wp-image-27275\" srcset=\"https:\/\/elalto.gob.bo\/noticias\/wp-content\/uploads\/2026\/08\/371899.jpg 697w, https:\/\/elalto.gob.bo\/noticias\/wp-content\/uploads\/2026\/08\/371899-300x171.jpg 300w\" sizes=\"auto, (max-width: 697px) 100vw, 697px\" \/><\/figure>\n\n\n\n<p class=\"wp-block-paragraph\">En el marco del Censo de Poblaci\u00f3n y Vivienda desarrollada el 23 de marzo de 2024, se estima el crecimiento del distrito en t\u00e9rminos cuantitativos de poblaci\u00f3n, sin embargo corresponde a esa entidad brindar la informaci\u00f3n concreta y oficial.<\/p>\n\n\n\n<p class=\"wp-block-paragraph\">El Subalcalde dijo que el Distrito 11 atraviesa un proceso de crecimiento y transformaci\u00f3n territorial, con sectores que mantienen caracter\u00edsticas rurales y otros que avanzan hacia una din\u00e1mica urbana, \u201ces un distrito que est\u00e1 en crecimiento, es un distrito periurbano\u201d, afirm\u00f3 a tiempo de manifestar que esta transformaci\u00f3n generar\u00eda nuevas necesidades y un mayor requerimiento de obras y servicios p\u00fablicos.<br>\/\/\/\/\/<\/p>\n\n\n\n<p class=\"wp-block-paragraph\"><\/p>\n","protected":false},"excerpt":{"rendered":"<p>Prensa GAMEA\/Lun 31.08.26 Con el objeto de asumir conocimiento del nivel de crecimiento vegetativo y su densidad poblacional, la Subalcald\u00eda del Distrito Rural 11 se reunir\u00e1 con instancias competentes del Instituto Nacional de Estad\u00edstica (INE). El prop\u00f3sito es conocer con precisi\u00f3n y de manera oficial la cantidad poblacional del Distrito que est\u00e1 conformado por un [&hellip;]<\/p>\n","protected":false},"author":17,"featured_media":27276,"comment_status":"open","ping_status":"open","sticky":false,"template":"","format":"standard","meta":{"content-type":"","footnotes":""},"categories":[165],"tags":[],"class_list":["post-27274","post","type-post","status-publish","format-standard","has-post-thumbnail","category-subalcaldias"],"_links":{"self":[{"href":"https:\/\/elalto.gob.bo\/noticias\/index.php?rest_route=\/wp\/v2\/posts\/27274","targetHints":{"allow":["GET"]}}],"collection":[{"href":"https:\/\/elalto.gob.bo\/noticias\/index.php?rest_route=\/wp\/v2\/posts"}],"about":[{"href":"https:\/\/elalto.gob.bo\/noticias\/index.php?rest_route=\/wp\/v2\/types\/post"}],"author":[{"embeddable":true,"href":"https:\/\/elalto.gob.bo\/noticias\/index.php?rest_route=\/wp\/v2\/users\/17"}],"replies":[{"embeddable":true,"href":"https:\/\/elalto.gob.bo\/noticias\/index.php?rest_route=%2Fwp%2Fv2%2Fcomments&post=27274"}],"version-history":[{"count":1,"href":"https:\/\/elalto.gob.bo\/noticias\/index.php?rest_route=\/wp\/v2\/posts\/27274\/revisions"}],"predecessor-version":[{"id":27277,"href":"https:\/\/elalto.gob.bo\/noticias\/index.php?rest_route=\/wp\/v2\/posts\/27274\/revisions\/27277"}],"wp:featuredmedia":[{"embeddable":true,"href":"https:\/\/elalto.gob.bo\/noticias\/index.php?rest_route=\/wp\/v2\/media\/27276"}],"wp:attachment":[{"href":"https:\/\/elalto.gob.bo\/noticias\/index.php?rest_route=%2Fwp%2Fv2%2Fmedia&parent=27274"}],"wp:term":[{"taxonomy":"category","embeddable":true,"href":"https:\/\/elalto.gob.bo\/noticias\/index.php?rest_route=%2Fwp%2Fv2%2Fcategories&post=27274"},{"taxonomy":"post_tag","embeddable":true,"href":"https:\/\/elalto.gob.bo\/noticias\/index.php?rest_route=%2Fwp%2Fv2%2Ftags&post=27274"}],"curies":[{"name":"wp","href":"https:\/\/api.w.org\/{rel}","templated":true}]}}