{"id":27281,"date":"2026-08-31T17:31:14","date_gmt":"2026-08-31T21:31:14","guid":{"rendered":"https:\/\/elalto.gob.bo\/noticias\/?p=27281"},"modified":"2026-08-31T17:31:17","modified_gmt":"2026-08-31T21:31:17","slug":"se-rehabilita-funcionamiento-de-semaforos-en-avenidas-principales-de-el-alto","status":"publish","type":"post","link":"https:\/\/elalto.gob.bo\/noticias\/?p=27281","title":{"rendered":"Se rehabilita funcionamiento de sem\u00e1foros en avenidas principales de El Alto"},"content":{"rendered":"\n<p class=\"wp-block-paragraph\"><em>Prensa GAMEA\/Lun 31.08.26<\/em><\/p>\n\n\n\n<p class=\"wp-block-paragraph\">Con el objeto de atender a la poblaci\u00f3n y mejorar el servicio p\u00fablico vial, el municipio rehabilit\u00f3 el funcionamiento de los sem\u00e1foros en avenidas principales de la ciudad, como la 6 de Marzo, Juan Pablo II, Bolivia y Litoral.<\/p>\n\n\n\n<p class=\"wp-block-paragraph\">Varios sem\u00e1foros de estos sectores no se encontraban en condiciones adecuadas, debido al descuido en su atenci\u00f3n en el anterior periodo edil \u201clo que hemos encontrado son sem\u00e1foros en p\u00e9simas condiciones de funcionamiento, hab\u00edan sem\u00e1foros que estaban apagados, que estaban bloqueados\u201d, afirm\u00f3 el Jefe de Unidad de Se\u00f1alizaci\u00f3n y Semaforizaci\u00f3n del municipio de El Alto, Benedicto Canasa.<\/p>\n\n\n\n<figure class=\"wp-block-image size-large\"><img loading=\"lazy\" loading=\"lazy\" decoding=\"async\" width=\"768\" height=\"1024\" src=\"https:\/\/elalto.gob.bo\/noticias\/wp-content\/uploads\/2026\/08\/371915-768x1024-1.jpg\" alt=\"\" class=\"wp-image-27282\" srcset=\"https:\/\/elalto.gob.bo\/noticias\/wp-content\/uploads\/2026\/08\/371915-768x1024-1.jpg 768w, https:\/\/elalto.gob.bo\/noticias\/wp-content\/uploads\/2026\/08\/371915-225x300.jpg 225w, https:\/\/elalto.gob.bo\/noticias\/wp-content\/uploads\/2026\/08\/371915-1152x1536.jpg 1152w, https:\/\/elalto.gob.bo\/noticias\/wp-content\/uploads\/2026\/08\/371915-860x1146.jpg 860w, https:\/\/elalto.gob.bo\/noticias\/wp-content\/uploads\/2026\/08\/371915.jpg 1200w\" sizes=\"auto, (max-width: 768px) 100vw, 768px\" \/><\/figure>\n\n\n\n<p class=\"wp-block-paragraph\">Sin embargo, esta dependencia alcanz\u00f3 a restituir la funcionalidad de los sem\u00e1foros en estos puntos \u201clo que hicimos es hacer un peque\u00f1o relevamiento y posteriormente habilitar los sem\u00e1foros que estaban apagados y calibrar los sem\u00e1foros que estaban desincronizados\u2026 actualmente est\u00e1n funcionando de acuerdo con sus tiempos y fases\u201d, explic\u00f3 Canasa.<\/p>\n\n\n\n<p class=\"wp-block-paragraph\">De igual manera, mencion\u00f3 que el mantenimiento del sistema de sem\u00e1foros debe ser permanente en raz\u00f3n del desgaste de los equipos y eventuales cortes de energ\u00eda el\u00e9ctrica, \u201clo que estamos haciendo ahora es un mantenimiento preventivo y correctivo que es rutinario\u201d, manifest\u00f3. Esta unidad municipal cuenta con un espacio de control y reparaci\u00f3n donde se realizan trabajos t\u00e9cnicos de calibraci\u00f3n y mantenimiento.<\/p>\n\n\n\n<figure class=\"wp-block-image size-large\"><img loading=\"lazy\" loading=\"lazy\" decoding=\"async\" width=\"768\" height=\"1024\" src=\"https:\/\/elalto.gob.bo\/noticias\/wp-content\/uploads\/2026\/08\/371919-768x1024-1.jpg\" alt=\"\" class=\"wp-image-27283\" srcset=\"https:\/\/elalto.gob.bo\/noticias\/wp-content\/uploads\/2026\/08\/371919-768x1024-1.jpg 768w, https:\/\/elalto.gob.bo\/noticias\/wp-content\/uploads\/2026\/08\/371919-225x300.jpg 225w, https:\/\/elalto.gob.bo\/noticias\/wp-content\/uploads\/2026\/08\/371919-1152x1536.jpg 1152w, https:\/\/elalto.gob.bo\/noticias\/wp-content\/uploads\/2026\/08\/371919-860x1146.jpg 860w, https:\/\/elalto.gob.bo\/noticias\/wp-content\/uploads\/2026\/08\/371919.jpg 1200w\" sizes=\"auto, (max-width: 768px) 100vw, 768px\" \/><\/figure>\n\n\n\n<p class=\"wp-block-paragraph\">Finalmente, el responsable de la unidad, inform\u00f3 que al momento existen varias solicitudes de instalaci\u00f3n de sem\u00e1foros provenientes de distintos distritos, sobre todo para puntos o intersecciones cercanos a las Unidades Educativas de las zonas. \u201cTenemos una decena de solicitudes de sem\u00e1foros de diferentes distritos, para trabajar en las avenidas, sobre todo en las proximidades de los colegios\u201d, se\u00f1al\u00f3 a momento de aclarar que la instalaci\u00f3n de nuevos equipos ser\u00e1 definida mediante estudios de ingenier\u00eda de tr\u00e1fico, tomando en cuenta elementos de an\u00e1lisis como el flujo vehicular, la circulaci\u00f3n peatonal y registro de accidentes.<\/p>\n\n\n\n<p class=\"wp-block-paragraph\">Por \u00faltimo Canasa inform\u00f3 que la siguiente instalaci\u00f3n se realizar\u00e1 en la zona de Senkata en dos intersecciones, donde se pondr\u00e1 en funcionamiento los sem\u00e1foros vehiculares de tecnolog\u00eda LED y sem\u00e1foros peatonales.<br>\/\/\/\/\/<\/p>\n\n\n\n<p class=\"wp-block-paragraph\"><\/p>\n","protected":false},"excerpt":{"rendered":"<p>Prensa GAMEA\/Lun 31.08.26 Con el objeto de atender a la poblaci\u00f3n y mejorar el servicio p\u00fablico vial, el municipio rehabilit\u00f3 el funcionamiento de los sem\u00e1foros en avenidas principales de la ciudad, como la 6 de Marzo, Juan Pablo II, Bolivia y Litoral. Varios sem\u00e1foros de estos sectores no se encontraban en condiciones adecuadas, debido al [&hellip;]<\/p>\n","protected":false},"author":17,"featured_media":27284,"comment_status":"open","ping_status":"open","sticky":false,"template":"","format":"standard","meta":{"content-type":"","footnotes":""},"categories":[15],"tags":[],"class_list":["post-27281","post","type-post","status-publish","format-standard","has-post-thumbnail","category-gestion"],"_links":{"self":[{"href":"https:\/\/elalto.gob.bo\/noticias\/index.php?rest_route=\/wp\/v2\/posts\/27281","targetHints":{"allow":["GET"]}}],"collection":[{"href":"https:\/\/elalto.gob.bo\/noticias\/index.php?rest_route=\/wp\/v2\/posts"}],"about":[{"href":"https:\/\/elalto.gob.bo\/noticias\/index.php?rest_route=\/wp\/v2\/types\/post"}],"author":[{"embeddable":true,"href":"https:\/\/elalto.gob.bo\/noticias\/index.php?rest_route=\/wp\/v2\/users\/17"}],"replies":[{"embeddable":true,"href":"https:\/\/elalto.gob.bo\/noticias\/index.php?rest_route=%2Fwp%2Fv2%2Fcomments&post=27281"}],"version-history":[{"count":1,"href":"https:\/\/elalto.gob.bo\/noticias\/index.php?rest_route=\/wp\/v2\/posts\/27281\/revisions"}],"predecessor-version":[{"id":27285,"href":"https:\/\/elalto.gob.bo\/noticias\/index.php?rest_route=\/wp\/v2\/posts\/27281\/revisions\/27285"}],"wp:featuredmedia":[{"embeddable":true,"href":"https:\/\/elalto.gob.bo\/noticias\/index.php?rest_route=\/wp\/v2\/media\/27284"}],"wp:attachment":[{"href":"https:\/\/elalto.gob.bo\/noticias\/index.php?rest_route=%2Fwp%2Fv2%2Fmedia&parent=27281"}],"wp:term":[{"taxonomy":"category","embeddable":true,"href":"https:\/\/elalto.gob.bo\/noticias\/index.php?rest_route=%2Fwp%2Fv2%2Fcategories&post=27281"},{"taxonomy":"post_tag","embeddable":true,"href":"https:\/\/elalto.gob.bo\/noticias\/index.php?rest_route=%2Fwp%2Fv2%2Ftags&post=27281"}],"curies":[{"name":"wp","href":"https:\/\/api.w.org\/{rel}","templated":true}]}}