{"id":27286,"date":"2026-08-31T19:45:21","date_gmt":"2026-08-31T23:45:21","guid":{"rendered":"https:\/\/elalto.gob.bo\/noticias\/?p=27286"},"modified":"2026-08-31T19:45:24","modified_gmt":"2026-08-31T23:45:24","slug":"alcaldia-mejora-vias-de-la-urbanizacion-18-de-agosto-con-trabajos-de-perfilado-y-limpieza-de-cunetas","status":"publish","type":"post","link":"https:\/\/elalto.gob.bo\/noticias\/?p=27286","title":{"rendered":"Alcald\u00eda mejora v\u00edas de la urbanizaci\u00f3n 18 de Agosto con trabajos de perfilado y limpieza de cunetas"},"content":{"rendered":"\n<p class=\"wp-block-paragraph\"><em>PRENSA GAMEA\/Lun 31.08.2026<\/em><\/p>\n\n\n\n<p class=\"wp-block-paragraph\">Con el objetivo de mejorar la transitabilidad en la Urbanizaci\u00f3n 18 de Agosto, la Subalcald\u00eda del Distrito 7 ejecut\u00f3 trabajos de perfilado de v\u00edas y limpieza de cunetas, facilitando la circulaci\u00f3n de vecinos y motorizados por las calles del sector.<\/p>\n\n\n\n<p class=\"wp-block-paragraph\">El Subalcalde Edgar Condori Limachi, encabez\u00f3 la jornada de trabajo, orientada a mejorar las condiciones de las v\u00edas y garantizar un acceso m\u00e1s adecuado para las familias de la zona.<\/p>\n\n\n\n<p class=\"wp-block-paragraph\">Durante la actividad, la autoridad destac\u00f3 la importancia de continuar con este tipo de intervenciones para mejorar la estabilidad de las calles, prevenir dificultades en la circulaci\u00f3n y contribuir a una transitabilidad m\u00e1s segura para peatones y conductores.<\/p>\n\n\n\n<p class=\"wp-block-paragraph\">Los trabajos permitir\u00e1n mejorar las condiciones de acceso y circulaci\u00f3n en la urbanizaci\u00f3n, atendiendo las necesidades de los vecinos del sector.<\/p>\n\n\n\n<p class=\"wp-block-paragraph\">Con estas acciones, la Subalcald\u00eda del Distrito 7 busca atender las necesidades viales de la poblaci\u00f3n y continuar mejorando las condiciones de las calles en los diferentes sectores, contribuyendo a una circulaci\u00f3n m\u00e1s segura y accesible para vecinos y transportistas.<br>\/\/\/\/\/<\/p>\n","protected":false},"excerpt":{"rendered":"<p>PRENSA GAMEA\/Lun 31.08.2026 Con el objetivo de mejorar la transitabilidad en la Urbanizaci\u00f3n 18 de Agosto, la Subalcald\u00eda del Distrito 7 ejecut\u00f3 trabajos de perfilado de v\u00edas y limpieza de cunetas, facilitando la circulaci\u00f3n de vecinos y motorizados por las calles del sector. El Subalcalde Edgar Condori Limachi, encabez\u00f3 la jornada de trabajo, orientada a [&hellip;]<\/p>\n","protected":false},"author":17,"featured_media":27287,"comment_status":"open","ping_status":"open","sticky":false,"template":"","format":"standard","meta":{"content-type":"","footnotes":""},"categories":[165],"tags":[],"class_list":["post-27286","post","type-post","status-publish","format-standard","has-post-thumbnail","category-subalcaldias"],"_links":{"self":[{"href":"https:\/\/elalto.gob.bo\/noticias\/index.php?rest_route=\/wp\/v2\/posts\/27286","targetHints":{"allow":["GET"]}}],"collection":[{"href":"https:\/\/elalto.gob.bo\/noticias\/index.php?rest_route=\/wp\/v2\/posts"}],"about":[{"href":"https:\/\/elalto.gob.bo\/noticias\/index.php?rest_route=\/wp\/v2\/types\/post"}],"author":[{"embeddable":true,"href":"https:\/\/elalto.gob.bo\/noticias\/index.php?rest_route=\/wp\/v2\/users\/17"}],"replies":[{"embeddable":true,"href":"https:\/\/elalto.gob.bo\/noticias\/index.php?rest_route=%2Fwp%2Fv2%2Fcomments&post=27286"}],"version-history":[{"count":1,"href":"https:\/\/elalto.gob.bo\/noticias\/index.php?rest_route=\/wp\/v2\/posts\/27286\/revisions"}],"predecessor-version":[{"id":27288,"href":"https:\/\/elalto.gob.bo\/noticias\/index.php?rest_route=\/wp\/v2\/posts\/27286\/revisions\/27288"}],"wp:featuredmedia":[{"embeddable":true,"href":"https:\/\/elalto.gob.bo\/noticias\/index.php?rest_route=\/wp\/v2\/media\/27287"}],"wp:attachment":[{"href":"https:\/\/elalto.gob.bo\/noticias\/index.php?rest_route=%2Fwp%2Fv2%2Fmedia&parent=27286"}],"wp:term":[{"taxonomy":"category","embeddable":true,"href":"https:\/\/elalto.gob.bo\/noticias\/index.php?rest_route=%2Fwp%2Fv2%2Fcategories&post=27286"},{"taxonomy":"post_tag","embeddable":true,"href":"https:\/\/elalto.gob.bo\/noticias\/index.php?rest_route=%2Fwp%2Fv2%2Ftags&post=27286"}],"curies":[{"name":"wp","href":"https:\/\/api.w.org\/{rel}","templated":true}]}}