{"id":27290,"date":"2026-08-31T19:48:45","date_gmt":"2026-08-31T23:48:45","guid":{"rendered":"https:\/\/elalto.gob.bo\/noticias\/?p=27290"},"modified":"2026-08-31T19:55:50","modified_gmt":"2026-08-31T23:55:50","slug":"se-hacen-realidad-los-primeros-bancos-de-leche-del-pais-en-los-hospitales-corea-y-los-andes","status":"publish","type":"post","link":"https:\/\/elalto.gob.bo\/noticias\/?p=27290","title":{"rendered":"Se hacen realidad los primeros \u00abbancos de leche\u00bb del pa\u00eds en los hospitales Corea y Los Andes"},"content":{"rendered":"\n<p class=\"wp-block-paragraph\"><em>PRENSA GAMEA\/ Lun 31.08.2026<\/em><\/p>\n\n\n\n<p class=\"wp-block-paragraph\">Con refrigeradores de 600 litros, El Alto se convierte en el primer municipio en conservar leche materna, estos forman parte del equipamiento m\u00e9dico que el Gobierno Aut\u00f3nomo Municipal recibi\u00f3 por un total de $us 600 mil del Ministerio de Salud y Deportes.<\/p>\n\n\n\n<p class=\"wp-block-paragraph\">El Alcalde destac\u00f3 que con esta entrega El Alto marca un precedente a nivel nacional en el cuidado de la primera infancia. \u201cEl Alto es el primer municipio que tiene dos refrigeradores para conservar la leche materna\u00bb, subray\u00f3.<\/p>\n\n\n\n<figure class=\"wp-block-image size-large\"><img loading=\"lazy\" loading=\"lazy\" decoding=\"async\" width=\"1024\" height=\"682\" src=\"https:\/\/elalto.gob.bo\/noticias\/wp-content\/uploads\/2026\/08\/372021-1024x682.jpg\" alt=\"\" class=\"wp-image-27291\" srcset=\"https:\/\/elalto.gob.bo\/noticias\/wp-content\/uploads\/2026\/08\/372021-1024x682.jpg 1024w, https:\/\/elalto.gob.bo\/noticias\/wp-content\/uploads\/2026\/08\/372021-300x200.jpg 300w, https:\/\/elalto.gob.bo\/noticias\/wp-content\/uploads\/2026\/08\/372021-767x511.jpg 767w, https:\/\/elalto.gob.bo\/noticias\/wp-content\/uploads\/2026\/08\/372021-1536x1023.jpg 1536w, https:\/\/elalto.gob.bo\/noticias\/wp-content\/uploads\/2026\/08\/372021-2048x1365.jpg 2048w, https:\/\/elalto.gob.bo\/noticias\/wp-content\/uploads\/2026\/08\/372021-330x220.jpg 330w, https:\/\/elalto.gob.bo\/noticias\/wp-content\/uploads\/2026\/08\/372021-420x280.jpg 420w, https:\/\/elalto.gob.bo\/noticias\/wp-content\/uploads\/2026\/08\/372021-615x410.jpg 615w, https:\/\/elalto.gob.bo\/noticias\/wp-content\/uploads\/2026\/08\/372021-860x573.jpg 860w\" sizes=\"auto, (max-width: 1024px) 100vw, 1024px\" \/><\/figure>\n\n\n\n<p class=\"wp-block-paragraph\">Con estos equipos, los hospitales Los Andes y Corea podr\u00e1n garantizar la alimentaci\u00f3n de beb\u00e9s cuyas madres no puedan dar de lactar y al mismo tiempo agradeci\u00f3 al Gobierno Nacional por el apoyo brindado a la poblaci\u00f3n de El Alto.<\/p>\n\n\n\n<p class=\"wp-block-paragraph\">El Ministerio de Salud y Deportes, a trav\u00e9s del Programa BID 4612, concluy\u00f3 este lunes la tercera y \u00faltima entrega de equipamiento m\u00e9dico para los hospitales Los Andes y Corea de El Alto. El apoyo supera los $us 600 mil en fortalecimiento hospitalario.<\/p>\n\n\n\n<p class=\"wp-block-paragraph\">Doris Andia Velasco, Coordinadora del Programa asegur\u00f3 que \u00abHoy estamos visitando el Gobierno Aut\u00f3nomo Municipal de El Alto por el motivo de informar al se\u00f1or alcalde que se ha cumplido hasta el d\u00eda viernes con la tercera entrega de equipamiento m\u00e9dico para los hospitales Los Andes y Corea. Esta entrega concluye en m\u00e1s de seiscientos mil d\u00f3lares de apoyo y de fortalecimiento\u00bb.<\/p>\n\n\n\n<figure class=\"wp-block-image size-large\"><img loading=\"lazy\" loading=\"lazy\" decoding=\"async\" width=\"1024\" height=\"682\" src=\"https:\/\/elalto.gob.bo\/noticias\/wp-content\/uploads\/2026\/08\/372010-1024x682.jpg\" alt=\"\" class=\"wp-image-27301\" srcset=\"https:\/\/elalto.gob.bo\/noticias\/wp-content\/uploads\/2026\/08\/372010-1024x682.jpg 1024w, https:\/\/elalto.gob.bo\/noticias\/wp-content\/uploads\/2026\/08\/372010-300x200.jpg 300w, https:\/\/elalto.gob.bo\/noticias\/wp-content\/uploads\/2026\/08\/372010-767x511.jpg 767w, https:\/\/elalto.gob.bo\/noticias\/wp-content\/uploads\/2026\/08\/372010-1536x1023.jpg 1536w, https:\/\/elalto.gob.bo\/noticias\/wp-content\/uploads\/2026\/08\/372010-2048x1365.jpg 2048w, https:\/\/elalto.gob.bo\/noticias\/wp-content\/uploads\/2026\/08\/372010-330x220.jpg 330w, https:\/\/elalto.gob.bo\/noticias\/wp-content\/uploads\/2026\/08\/372010-420x280.jpg 420w, https:\/\/elalto.gob.bo\/noticias\/wp-content\/uploads\/2026\/08\/372010-615x410.jpg 615w, https:\/\/elalto.gob.bo\/noticias\/wp-content\/uploads\/2026\/08\/372010-860x573.jpg 860w\" sizes=\"auto, (max-width: 1024px) 100vw, 1024px\" \/><\/figure>\n\n\n\n<p class=\"wp-block-paragraph\">La coordinadora detall\u00f3 que las 3 entregas buscaron fortalecer el acceso a la salud materna y neonatal en el municipio. En la primera entrega: L\u00e1mparas el\u00edticas, l\u00e1mparas cuello de ganso, trajes antishock; en la segunda entrega: Carros de paro, balanzas digitales, ox\u00edmetros adulto y neonatal y; en la tercera entrega: Ec\u00f3grafos port\u00e1tiles, refrigeradores de conservaci\u00f3n de leche materna, refrigeradores de conservaci\u00f3n de medicamentos, monitores multiparam\u00e9tricos, dopplers y mesas de reanimaci\u00f3n neonatal.<\/p>\n\n\n\n<p class=\"wp-block-paragraph\">Por su parte, la Secretaria Municipal de Salud, Rosse Mary Blanco, destac\u00f3 toda la entrega de equipamiento, pero sobresali\u00f3 entre ellos lo que denomin\u00f3 banco de leche materna. \u00abMuchas mujeres no tienen leche y es as\u00ed que llegan a estos hospitales los refrigeradores para conservar la leche materna que es vital hasta los seis meses\u00bb, indic\u00f3.<\/p>\n\n\n\n<figure class=\"wp-block-image size-large\"><img loading=\"lazy\" loading=\"lazy\" decoding=\"async\" width=\"1024\" height=\"682\" src=\"https:\/\/elalto.gob.bo\/noticias\/wp-content\/uploads\/2026\/08\/372020-1024x682.jpg\" alt=\"\" class=\"wp-image-27302\" srcset=\"https:\/\/elalto.gob.bo\/noticias\/wp-content\/uploads\/2026\/08\/372020-1024x682.jpg 1024w, https:\/\/elalto.gob.bo\/noticias\/wp-content\/uploads\/2026\/08\/372020-300x200.jpg 300w, https:\/\/elalto.gob.bo\/noticias\/wp-content\/uploads\/2026\/08\/372020-767x511.jpg 767w, https:\/\/elalto.gob.bo\/noticias\/wp-content\/uploads\/2026\/08\/372020-1536x1023.jpg 1536w, https:\/\/elalto.gob.bo\/noticias\/wp-content\/uploads\/2026\/08\/372020-420x280.jpg 420w, https:\/\/elalto.gob.bo\/noticias\/wp-content\/uploads\/2026\/08\/372020-2048x1365.jpg 2048w, https:\/\/elalto.gob.bo\/noticias\/wp-content\/uploads\/2026\/08\/372020-615x410.jpg 615w, https:\/\/elalto.gob.bo\/noticias\/wp-content\/uploads\/2026\/08\/372020-330x220.jpg 330w, https:\/\/elalto.gob.bo\/noticias\/wp-content\/uploads\/2026\/08\/372020-860x573.jpg 860w\" sizes=\"auto, (max-width: 1024px) 100vw, 1024px\" \/><\/figure>\n\n\n\n<p class=\"wp-block-paragraph\">Asegur\u00f3 que somos el primer municipio que cuenta con este equipo para refrigerar leche de 600 litros. \u201cSon enormes, ahora estos refrigeradores nos van a conservar la leche materna para que todos los reci\u00e9n nacidos que no tengan mam\u00e1s que no puedan dar de lactar en su momento puedan acudir a estos centros. Ser\u00edamos como peque\u00f1os bancos de leche que podemos ofrecer este servicio en estos dos hospitales\u00bb, concluy\u00f3.<\/p>\n\n\n\n<p class=\"wp-block-paragraph\">Con esta dotaci\u00f3n, El Alto marca un precedente nacional en el cuidado de la primera infancia y la salud materna.<br>\/\/\/\/<\/p>\n","protected":false},"excerpt":{"rendered":"<p>PRENSA GAMEA\/ Lun 31.08.2026 Con refrigeradores de 600 litros, El Alto se convierte en el primer municipio en conservar leche materna, estos forman parte del equipamiento m\u00e9dico que el Gobierno Aut\u00f3nomo Municipal recibi\u00f3 por un total de $us 600 mil del Ministerio de Salud y Deportes. El Alcalde destac\u00f3 que con esta entrega El Alto [&hellip;]<\/p>\n","protected":false},"author":17,"featured_media":27292,"comment_status":"open","ping_status":"open","sticky":false,"template":"","format":"standard","meta":{"content-type":"","footnotes":""},"categories":[15],"tags":[],"class_list":["post-27290","post","type-post","status-publish","format-standard","has-post-thumbnail","category-gestion"],"_links":{"self":[{"href":"https:\/\/elalto.gob.bo\/noticias\/index.php?rest_route=\/wp\/v2\/posts\/27290","targetHints":{"allow":["GET"]}}],"collection":[{"href":"https:\/\/elalto.gob.bo\/noticias\/index.php?rest_route=\/wp\/v2\/posts"}],"about":[{"href":"https:\/\/elalto.gob.bo\/noticias\/index.php?rest_route=\/wp\/v2\/types\/post"}],"author":[{"embeddable":true,"href":"https:\/\/elalto.gob.bo\/noticias\/index.php?rest_route=\/wp\/v2\/users\/17"}],"replies":[{"embeddable":true,"href":"https:\/\/elalto.gob.bo\/noticias\/index.php?rest_route=%2Fwp%2Fv2%2Fcomments&post=27290"}],"version-history":[{"count":2,"href":"https:\/\/elalto.gob.bo\/noticias\/index.php?rest_route=\/wp\/v2\/posts\/27290\/revisions"}],"predecessor-version":[{"id":27303,"href":"https:\/\/elalto.gob.bo\/noticias\/index.php?rest_route=\/wp\/v2\/posts\/27290\/revisions\/27303"}],"wp:featuredmedia":[{"embeddable":true,"href":"https:\/\/elalto.gob.bo\/noticias\/index.php?rest_route=\/wp\/v2\/media\/27292"}],"wp:attachment":[{"href":"https:\/\/elalto.gob.bo\/noticias\/index.php?rest_route=%2Fwp%2Fv2%2Fmedia&parent=27290"}],"wp:term":[{"taxonomy":"category","embeddable":true,"href":"https:\/\/elalto.gob.bo\/noticias\/index.php?rest_route=%2Fwp%2Fv2%2Fcategories&post=27290"},{"taxonomy":"post_tag","embeddable":true,"href":"https:\/\/elalto.gob.bo\/noticias\/index.php?rest_route=%2Fwp%2Fv2%2Ftags&post=27290"}],"curies":[{"name":"wp","href":"https:\/\/api.w.org\/{rel}","templated":true}]}}