{"id":27294,"date":"2026-08-31T19:52:02","date_gmt":"2026-08-31T23:52:02","guid":{"rendered":"https:\/\/elalto.gob.bo\/noticias\/?p=27294"},"modified":"2026-08-31T19:52:06","modified_gmt":"2026-08-31T23:52:06","slug":"se-refuerza-la-atencion-para-mujeres-victimas-de-violencia-con-sistema-interoperativizado","status":"publish","type":"post","link":"https:\/\/elalto.gob.bo\/noticias\/?p=27294","title":{"rendered":"Se refuerza la atenci\u00f3n para mujeres v\u00edctimas de violencia con sistema interoperativizado"},"content":{"rendered":"\n<p class=\"wp-block-paragraph\"><em>PRENSA GAMEA\/ Lun 31.08.2026<\/em><\/p>\n\n\n\n<p class=\"wp-block-paragraph\">La atenci\u00f3n a mujeres v\u00edctimas de violencia en SLIMs y DNAs de la ciudad de El Alto ser\u00e1 interoperativa gracias al refuerzo que se realiz\u00f3 a trav\u00e9s de ONU Mujeres, con la entrega de siete equipos inform\u00e1ticos.<\/p>\n\n\n\n<p class=\"wp-block-paragraph\">Esta dotaci\u00f3n se la realiz\u00f3 en el marco del Programa Conjunto \u201cAlza la Voz: Salud y Derechos Sexuales y Reproductivos y Vida Libre de Violencia Sexual y de G\u00e9nero para las Mujeres y Ni\u00f1as m\u00e1s Vulnerables de Bolivia\u201d, implementado por ONU Mujeres, UNICEF y UNFPA, con el financiamiento del Gobierno de Canad\u00e1.<\/p>\n\n\n\n<figure class=\"wp-block-image size-large\"><img loading=\"lazy\" loading=\"lazy\" decoding=\"async\" width=\"1024\" height=\"682\" src=\"https:\/\/elalto.gob.bo\/noticias\/wp-content\/uploads\/2026\/08\/372030-1024x682.jpg\" alt=\"\" class=\"wp-image-27295\" srcset=\"https:\/\/elalto.gob.bo\/noticias\/wp-content\/uploads\/2026\/08\/372030-1024x682.jpg 1024w, https:\/\/elalto.gob.bo\/noticias\/wp-content\/uploads\/2026\/08\/372030-300x200.jpg 300w, https:\/\/elalto.gob.bo\/noticias\/wp-content\/uploads\/2026\/08\/372030-767x511.jpg 767w, https:\/\/elalto.gob.bo\/noticias\/wp-content\/uploads\/2026\/08\/372030-1536x1023.jpg 1536w, https:\/\/elalto.gob.bo\/noticias\/wp-content\/uploads\/2026\/08\/372030-330x220.jpg 330w, https:\/\/elalto.gob.bo\/noticias\/wp-content\/uploads\/2026\/08\/372030-2048x1365.jpg 2048w, https:\/\/elalto.gob.bo\/noticias\/wp-content\/uploads\/2026\/08\/372030-420x280.jpg 420w, https:\/\/elalto.gob.bo\/noticias\/wp-content\/uploads\/2026\/08\/372030-615x410.jpg 615w, https:\/\/elalto.gob.bo\/noticias\/wp-content\/uploads\/2026\/08\/372030-860x573.jpg 860w\" sizes=\"auto, (max-width: 1024px) 100vw, 1024px\" \/><\/figure>\n\n\n\n<p class=\"wp-block-paragraph\">El Alcalde de la ciudad de El Alto, Eliser Roca Tancara, reafirm\u00f3 su compromiso de que en su gesti\u00f3n se luchar\u00e1 contra la violencia y se proteger\u00e1 a las mujeres. \u00abEstamos muy felices. ONU Mujeres nos ha hecho entrega de siete equipos que nos va a servir para atender, pr\u00e1cticamente para luchar contra la violencia hacia la mujer\u00bb, expres\u00f3.<\/p>\n\n\n\n<p class=\"wp-block-paragraph\">La primera autoridad edil, dijo que, desafortunadamente, en El Alto se ven casos desagradables, en los que no se respeta a las adolescentes, a las se\u00f1oritas, y a la mujer como tal. Por lo tanto, se ha emprendido una lucha constante para que se erradiquen estas acciones negativas.<\/p>\n\n\n\n<p class=\"wp-block-paragraph\">Los equipos fueron destinados a fortalecer la capacidad operativa de los servicios que intervienen en la atenci\u00f3n de casos de violencia, y responde a una realidad: hasta el 21 de agosto de 2026, Bolivia registr\u00f3 57 feminicidios; de ellos, 19 corresponden al departamento de La Paz: 5 espec\u00edficamente de la ciudad de El Alto.<\/p>\n\n\n\n<figure class=\"wp-block-image size-large\"><img loading=\"lazy\" loading=\"lazy\" decoding=\"async\" width=\"1024\" height=\"682\" src=\"https:\/\/elalto.gob.bo\/noticias\/wp-content\/uploads\/2026\/08\/372032-1024x682.jpg\" alt=\"\" class=\"wp-image-27296\" srcset=\"https:\/\/elalto.gob.bo\/noticias\/wp-content\/uploads\/2026\/08\/372032-1024x682.jpg 1024w, https:\/\/elalto.gob.bo\/noticias\/wp-content\/uploads\/2026\/08\/372032-300x200.jpg 300w, https:\/\/elalto.gob.bo\/noticias\/wp-content\/uploads\/2026\/08\/372032-767x511.jpg 767w, https:\/\/elalto.gob.bo\/noticias\/wp-content\/uploads\/2026\/08\/372032-1536x1023.jpg 1536w, https:\/\/elalto.gob.bo\/noticias\/wp-content\/uploads\/2026\/08\/372032-2048x1365.jpg 2048w, https:\/\/elalto.gob.bo\/noticias\/wp-content\/uploads\/2026\/08\/372032-330x220.jpg 330w, https:\/\/elalto.gob.bo\/noticias\/wp-content\/uploads\/2026\/08\/372032-615x410.jpg 615w, https:\/\/elalto.gob.bo\/noticias\/wp-content\/uploads\/2026\/08\/372032-420x280.jpg 420w, https:\/\/elalto.gob.bo\/noticias\/wp-content\/uploads\/2026\/08\/372032-860x573.jpg 860w\" sizes=\"auto, (max-width: 1024px) 100vw, 1024px\" \/><\/figure>\n\n\n\n<p class=\"wp-block-paragraph\">A su turno, la Coordinadora del \u00c1rea de erradicaci\u00f3n de la Violencia de ONU Mujeres, Ivanna Fern\u00e1ndez dijo que, en este contexto, fortalecer las instituciones que integran la cadena de atenci\u00f3n es fundamental para garantizar respuestas integrales frente a la violencia. Contar con herramientas adecuadas permite mejorar los procesos de registro y seguimiento, facilitar el intercambio de informaci\u00f3n y fortalecer la articulaci\u00f3n entre los servicios que intervienen en cada caso.<\/p>\n\n\n\n<p class=\"wp-block-paragraph\">\u00abSi bien son equipos inform\u00e1ticos, son para fortalecer la cadena de atenci\u00f3n a mujeres y ni\u00f1as v\u00edctimas de violencia en El Alto. Esperamos que sean de utilidad no solamente para la atenci\u00f3n sino tambi\u00e9n para el registro, para la generaci\u00f3n de evidencia\u00bb, se\u00f1al\u00f3 Fern\u00e1ndez.<\/p>\n\n\n\n<p class=\"wp-block-paragraph\">La dotaci\u00f3n busca contribuir a una respuesta m\u00e1s eficiente, oportuna y articulada, fortaleciendo las condiciones para que las mujeres que buscan apoyo puedan acceder a servicios de atenci\u00f3n, protecci\u00f3n y justicia.<\/p>\n\n\n\n<figure class=\"wp-block-image size-large\"><img loading=\"lazy\" loading=\"lazy\" decoding=\"async\" width=\"1024\" height=\"682\" src=\"https:\/\/elalto.gob.bo\/noticias\/wp-content\/uploads\/2026\/08\/372036-1024x682.jpg\" alt=\"\" class=\"wp-image-27297\" srcset=\"https:\/\/elalto.gob.bo\/noticias\/wp-content\/uploads\/2026\/08\/372036-1024x682.jpg 1024w, https:\/\/elalto.gob.bo\/noticias\/wp-content\/uploads\/2026\/08\/372036-300x200.jpg 300w, https:\/\/elalto.gob.bo\/noticias\/wp-content\/uploads\/2026\/08\/372036-767x511.jpg 767w, https:\/\/elalto.gob.bo\/noticias\/wp-content\/uploads\/2026\/08\/372036-1536x1023.jpg 1536w, https:\/\/elalto.gob.bo\/noticias\/wp-content\/uploads\/2026\/08\/372036-2048x1365.jpg 2048w, https:\/\/elalto.gob.bo\/noticias\/wp-content\/uploads\/2026\/08\/372036-330x220.jpg 330w, https:\/\/elalto.gob.bo\/noticias\/wp-content\/uploads\/2026\/08\/372036-420x280.jpg 420w, https:\/\/elalto.gob.bo\/noticias\/wp-content\/uploads\/2026\/08\/372036-615x410.jpg 615w, https:\/\/elalto.gob.bo\/noticias\/wp-content\/uploads\/2026\/08\/372036-860x573.jpg 860w\" sizes=\"auto, (max-width: 1024px) 100vw, 1024px\" \/><\/figure>\n\n\n\n<p class=\"wp-block-paragraph\">El fortalecimiento de estos servicios se suma a los esfuerzos para mejorar la coordinaci\u00f3n institucional y avanzar hacia respuestas m\u00e1s oportunas frente a las situaciones de violencia que afectan a mujeres y ni\u00f1as en el municipio.<\/p>\n\n\n\n<p class=\"wp-block-paragraph\">\u00abLo que queremos es reducir el papel, lo que queremos tambi\u00e9n es tener equipos veloces para poder hacer el registro correcto, que no se nos pierda la informaci\u00f3n\u00bb, afirm\u00f3 Israel Fern\u00e1ndez, Secretario Municipal de Desarrollo Humano Social Integral.<\/p>\n\n\n\n<p class=\"wp-block-paragraph\">La autoridad explic\u00f3 que los equipos permitir\u00e1n conectar directamente a las instancias municipales con el Ministerio P\u00fablico, la FELCV y SEDEGES. \u00ab\u00bfQu\u00e9 es interoperativizar? Ya no es necesario irnos a la fiscal\u00eda o constituirnos ante la polic\u00eda directamente. Se registra la denuncia a trav\u00e9s del sistema que se tiene ROMA, el Ministerio P\u00fablico lo acepta y de manera coordinada ya vuelven los requerimientos\u00bb, detall\u00f3.<\/p>\n\n\n\n<p class=\"wp-block-paragraph\">De los 7 equipos entregados cinco son para el GAMEA, cuatro se quedar\u00e1n en Plataformas DNA y uno en Secretar\u00eda de Salud, uno para la FELCV El Alto y uno para SEDEGES de la Gobernaci\u00f3n de La Paz. Con esta dotaci\u00f3n, El Alto da un paso hacia la digitalizaci\u00f3n de la ruta cr\u00edtica de atenci\u00f3n a la violencia.<br>\/\/\/\/\/\/<\/p>\n","protected":false},"excerpt":{"rendered":"<p>PRENSA GAMEA\/ Lun 31.08.2026 La atenci\u00f3n a mujeres v\u00edctimas de violencia en SLIMs y DNAs de la ciudad de El Alto ser\u00e1 interoperativa gracias al refuerzo que se realiz\u00f3 a trav\u00e9s de ONU Mujeres, con la entrega de siete equipos inform\u00e1ticos. Esta dotaci\u00f3n se la realiz\u00f3 en el marco del Programa Conjunto \u201cAlza la Voz: [&hellip;]<\/p>\n","protected":false},"author":17,"featured_media":27298,"comment_status":"open","ping_status":"open","sticky":false,"template":"","format":"standard","meta":{"content-type":"","footnotes":""},"categories":[15],"tags":[],"class_list":["post-27294","post","type-post","status-publish","format-standard","has-post-thumbnail","category-gestion"],"_links":{"self":[{"href":"https:\/\/elalto.gob.bo\/noticias\/index.php?rest_route=\/wp\/v2\/posts\/27294","targetHints":{"allow":["GET"]}}],"collection":[{"href":"https:\/\/elalto.gob.bo\/noticias\/index.php?rest_route=\/wp\/v2\/posts"}],"about":[{"href":"https:\/\/elalto.gob.bo\/noticias\/index.php?rest_route=\/wp\/v2\/types\/post"}],"author":[{"embeddable":true,"href":"https:\/\/elalto.gob.bo\/noticias\/index.php?rest_route=\/wp\/v2\/users\/17"}],"replies":[{"embeddable":true,"href":"https:\/\/elalto.gob.bo\/noticias\/index.php?rest_route=%2Fwp%2Fv2%2Fcomments&post=27294"}],"version-history":[{"count":1,"href":"https:\/\/elalto.gob.bo\/noticias\/index.php?rest_route=\/wp\/v2\/posts\/27294\/revisions"}],"predecessor-version":[{"id":27299,"href":"https:\/\/elalto.gob.bo\/noticias\/index.php?rest_route=\/wp\/v2\/posts\/27294\/revisions\/27299"}],"wp:featuredmedia":[{"embeddable":true,"href":"https:\/\/elalto.gob.bo\/noticias\/index.php?rest_route=\/wp\/v2\/media\/27298"}],"wp:attachment":[{"href":"https:\/\/elalto.gob.bo\/noticias\/index.php?rest_route=%2Fwp%2Fv2%2Fmedia&parent=27294"}],"wp:term":[{"taxonomy":"category","embeddable":true,"href":"https:\/\/elalto.gob.bo\/noticias\/index.php?rest_route=%2Fwp%2Fv2%2Fcategories&post=27294"},{"taxonomy":"post_tag","embeddable":true,"href":"https:\/\/elalto.gob.bo\/noticias\/index.php?rest_route=%2Fwp%2Fv2%2Ftags&post=27294"}],"curies":[{"name":"wp","href":"https:\/\/api.w.org\/{rel}","templated":true}]}}