{"id":27304,"date":"2026-09-01T14:04:10","date_gmt":"2026-09-01T18:04:10","guid":{"rendered":"https:\/\/elalto.gob.bo\/noticias\/?p=27304"},"modified":"2026-09-01T14:04:12","modified_gmt":"2026-09-01T18:04:12","slug":"este-domingo-6-de-septiembre-alcaldia-restringe-circulacion-vehicular-por-dia-del-peaton","status":"publish","type":"post","link":"https:\/\/elalto.gob.bo\/noticias\/?p=27304","title":{"rendered":"Este domingo 6 de septiembre Alcald\u00eda restringe circulaci\u00f3n vehicular por D\u00eda del Peat\u00f3n"},"content":{"rendered":"\n<p class=\"wp-block-paragraph\"><em>PRENSA GAMEA\/ Mar 01.09.2026<\/em><\/p>\n\n\n\n<p class=\"wp-block-paragraph\">Desde las 08:00 hasta las 17:00 (cinco de la tarde) del domingo 6 de septiembre, D\u00eda Nacional del Peat\u00f3n y del Ciclista, en defensa de la Madre Tierra, el Gobierno Aut\u00f3nomo Municipal de El Alto anunci\u00f3 la restricci\u00f3n total de la circulaci\u00f3n vehicular.<\/p>\n\n\n\n<p class=\"wp-block-paragraph\">El Alcalde de la ciudad m\u00e1s joven de Bolivia, Eliser Roca Tancara, anunci\u00f3 que la Alcald\u00eda acatar\u00e1 la restricci\u00f3n de acuerdo a la Ley N\u00b0 150 del 11 de julio de 2011. \u00abEn este tiempo tenemos que hacer diversas actividades ya sea deportivas, cicl\u00edsticas u otros. Adem\u00e1s, hemos estipulado sanciones para quienes quieran trasgredir esta disposici\u00f3n\u201d, explic\u00f3<\/p>\n\n\n\n<p class=\"wp-block-paragraph\">El control para ese d\u00eda ser\u00e1 estricto y solo 200 veh\u00edculos con permiso podr\u00e1n circular, as\u00ed lo explic\u00f3 el Secretario Municipal de Movilidad Urbana (SMMU), Luis Fernando Zeballos. \u00abEse d\u00eda nosotros como movilidad urbana vamos a ser muy estrictos en el tema de algunos permisos que se van a emitir. Cien efectivos ser\u00e1n desplegados en 13 puntos de control\u201d, sostuvo.<\/p>\n\n\n\n<p class=\"wp-block-paragraph\">La multa ser\u00e1 de Bs 335 para los infractores, por lo que quienes requieran solicitar permiso u autorizaci\u00f3n para circular deber\u00e1n hacerlo ante la Secretar\u00eda Municipal de Movilidad Urbana mediante una nota hasta el d\u00eda mi\u00e9rcoles. \u00abVamos a emitir m\u00e1s o menos unas doscientas autorizaciones para que puedan circular y se publicar\u00e1n los requisitos en nuestra p\u00e1gina\u201d, indic\u00f3<\/p>\n\n\n\n<p class=\"wp-block-paragraph\">Los requisitos para poder obtener el permiso o la autorizaci\u00f3n excepcional para empresas son: Una nota dirigida a la Secretaria Municipal de Movilidad Urbana (el Secretario es Luis Fernando Zeballos Rodriguez, una fotocopia del NIT, una acreditaci\u00f3n del representante legal, la licencia de conducir del conductor, la fotocopia del RUAT del veh\u00edculo y en el caso de radiotaxis deben adjuntar adem\u00e1s la tarjeta de operaci\u00f3n vigente.<\/p>\n\n\n\n<p class=\"wp-block-paragraph\">Para medios de prensa tambi\u00e9n hay requisitos espec\u00edficos: adjuntar una carta del medio de comunicaci\u00f3n o en su defecto la credencial del medio de comunicaci\u00f3n.<\/p>\n\n\n\n<p class=\"wp-block-paragraph\">En cuanto a los veh\u00edculos particulares los requisitos son: La nota dirigida a la Secretar\u00eda, una fotocopia de carnet de identidad del solicitante, la fotocopia de licencia de conducir del conductor, la fotocopia del RUAT, adem\u00e1s de justificar la necesidad de porque circular.<\/p>\n\n\n\n<p class=\"wp-block-paragraph\">Los veh\u00edculos que circulen sin contar con la autorizaci\u00f3n correspondiente estar\u00e1n sujetos a la sanci\u00f3n establecida, equivalente a 100 UFV, aproximadamente 334 bolivianos; se habilitar\u00e1n 4 garajes autorizados para el resguardo de los veh\u00edculos retenidos, con personal de la Administraci\u00f3n Tributaria Municipal para el cobro correspondiente.<\/p>\n\n\n\n<p class=\"wp-block-paragraph\">El Alcalde fue enf\u00e1tico en que la prioridad para este d\u00eda es cuidar el medio ambiente, con la baja circulaci\u00f3n vehicular y adem\u00e1s se constituye en un d\u00eda en que las familias pueden compartir con deporte, caminata, ciclismo y otras actividades sanas, por lo que invit\u00f3 a toda la poblaci\u00f3n a sumarse a la misma.<br>\/\/\/\/\/\/<\/p>\n\n\n\n<p class=\"wp-block-paragraph\"><\/p>\n\n\n\n<p class=\"wp-block-paragraph\"><br><\/p>\n\n\n\n<p class=\"wp-block-paragraph\"><\/p>\n","protected":false},"excerpt":{"rendered":"<p>PRENSA GAMEA\/ Mar 01.09.2026 Desde las 08:00 hasta las 17:00 (cinco de la tarde) del domingo 6 de septiembre, D\u00eda Nacional del Peat\u00f3n y del Ciclista, en defensa de la Madre Tierra, el Gobierno Aut\u00f3nomo Municipal de El Alto anunci\u00f3 la restricci\u00f3n total de la circulaci\u00f3n vehicular. El Alcalde de la ciudad m\u00e1s joven de [&hellip;]<\/p>\n","protected":false},"author":17,"featured_media":27305,"comment_status":"open","ping_status":"open","sticky":false,"template":"","format":"standard","meta":{"content-type":"","footnotes":""},"categories":[15],"tags":[],"class_list":["post-27304","post","type-post","status-publish","format-standard","has-post-thumbnail","category-gestion"],"_links":{"self":[{"href":"https:\/\/elalto.gob.bo\/noticias\/index.php?rest_route=\/wp\/v2\/posts\/27304","targetHints":{"allow":["GET"]}}],"collection":[{"href":"https:\/\/elalto.gob.bo\/noticias\/index.php?rest_route=\/wp\/v2\/posts"}],"about":[{"href":"https:\/\/elalto.gob.bo\/noticias\/index.php?rest_route=\/wp\/v2\/types\/post"}],"author":[{"embeddable":true,"href":"https:\/\/elalto.gob.bo\/noticias\/index.php?rest_route=\/wp\/v2\/users\/17"}],"replies":[{"embeddable":true,"href":"https:\/\/elalto.gob.bo\/noticias\/index.php?rest_route=%2Fwp%2Fv2%2Fcomments&post=27304"}],"version-history":[{"count":1,"href":"https:\/\/elalto.gob.bo\/noticias\/index.php?rest_route=\/wp\/v2\/posts\/27304\/revisions"}],"predecessor-version":[{"id":27306,"href":"https:\/\/elalto.gob.bo\/noticias\/index.php?rest_route=\/wp\/v2\/posts\/27304\/revisions\/27306"}],"wp:featuredmedia":[{"embeddable":true,"href":"https:\/\/elalto.gob.bo\/noticias\/index.php?rest_route=\/wp\/v2\/media\/27305"}],"wp:attachment":[{"href":"https:\/\/elalto.gob.bo\/noticias\/index.php?rest_route=%2Fwp%2Fv2%2Fmedia&parent=27304"}],"wp:term":[{"taxonomy":"category","embeddable":true,"href":"https:\/\/elalto.gob.bo\/noticias\/index.php?rest_route=%2Fwp%2Fv2%2Fcategories&post=27304"},{"taxonomy":"post_tag","embeddable":true,"href":"https:\/\/elalto.gob.bo\/noticias\/index.php?rest_route=%2Fwp%2Fv2%2Ftags&post=27304"}],"curies":[{"name":"wp","href":"https:\/\/api.w.org\/{rel}","templated":true}]}}