{"id":27307,"date":"2026-09-01T14:07:14","date_gmt":"2026-09-01T18:07:14","guid":{"rendered":"https:\/\/elalto.gob.bo\/noticias\/?p=27307"},"modified":"2026-09-01T14:07:17","modified_gmt":"2026-09-01T18:07:17","slug":"el-alto-prepara-bicicleteada-familiar-por-el-dia-del-peaton-en-un-recorrido-de-10-km","status":"publish","type":"post","link":"https:\/\/elalto.gob.bo\/noticias\/?p=27307","title":{"rendered":"El Alto prepara \u201cbicicleteada familiar\u201d por el D\u00eda del Peat\u00f3n en un recorrido de 10 km"},"content":{"rendered":"\n<p class=\"wp-block-paragraph\"><em>PRENSA GAMEA\/ Mar 01.09.2026<\/em><\/p>\n\n\n\n<p class=\"wp-block-paragraph\">En el marco por el D\u00eda Nacional del Peat\u00f3n y del Ciclista, en defensa de la Madre Tierra, la Alcald\u00eda de El Alto prepara varias actividades deportivas, entre ellas la \u201cbicicleteada familiar\u201d que tendr\u00e1 incentivos para quienes completen un recorrido de 10 kil\u00f3metros.<\/p>\n\n\n\n<p class=\"wp-block-paragraph\">El Alcalde de la ciudad, Eliser Roca Tancara, pidi\u00f3 que las familias se unen en actividades sanas. \u00abPedimos a la ciudadan\u00eda hagamos deporte, hagamos diferentes actividades porque el deporte es salud. Adem\u00e1s tenemos que cuidar nuestro medio ambiente\u00bb, expres\u00f3.<\/p>\n\n\n\n<p class=\"wp-block-paragraph\">La primera autoridad edil dijo que se cumplir\u00e1 con objetivos clave como el esparcimiento familiar, la educaci\u00f3n vial, y sobre todo el cuidado del medio ambiente<\/p>\n\n\n\n<p class=\"wp-block-paragraph\">El Secretario Municipal de Desarrollo Humano y Social Integral, Israel Fernandez, anunci\u00f3 una serie de actividades deportivas y recreativas para el D\u00eda Nacional del Peat\u00f3n y del Ciclista este domingo 6 de septiembre.<\/p>\n\n\n\n<p class=\"wp-block-paragraph\">\u00abNos vamos a concentrar entre la calle dos y tres de la seis de marzo evidentemente desde las ocho de la ma\u00f1ana donde vamos a practicar un sin fin de deportes\u00bb, se\u00f1al\u00f3.<\/p>\n\n\n\n<p class=\"wp-block-paragraph\">La principal actividad ser\u00e1 una bicicleteada familiar con una ruta ya establecida. \u00abVamos a tener inclusive una bicicleteada la cual va a tener ya una ruta trazada que va a comenzar entre las calles dos y tres de la avenida 6 de Marzo\u00bb, indic\u00f3 Fern\u00e1ndez.<\/p>\n\n\n\n<p class=\"wp-block-paragraph\">El recorrido ser\u00e1: desde la avenida 6 de Marzo entre las calles 2 y 3, para luego confluir hacia el cruce a Viacha, pasar a la avenida Ladislao Cabrera (carretera a Vicha), llegar hasta el Puente Bolivia, recorrer la avenida Bolivia hasta la Plaza de la Cruz y retornar por la avenida Julio C\u00e9sar Valdez, luego cruce a Vicha y 6 Marzo hasta volver al punto de concentraci\u00f3n.<\/p>\n\n\n\n<p class=\"wp-block-paragraph\">El Alcalde realiz\u00f3 la invitaci\u00f3n abierta a toda la poblaci\u00f3n, y aprovechar estos momentos para pasar en familia. \u201cEn ese entendido invitamos a toda la poblaci\u00f3n alte\u00f1a a sumarse de estas actividades que vamos a desarrollar mediante la Secretar\u00eda de Desarrollo Humano\u00bb, concluy\u00f3.<br>\/\/\/\/\/\/<\/p>\n\n\n\n<p class=\"wp-block-paragraph\"><\/p>\n","protected":false},"excerpt":{"rendered":"<p>PRENSA GAMEA\/ Mar 01.09.2026 En el marco por el D\u00eda Nacional del Peat\u00f3n y del Ciclista, en defensa de la Madre Tierra, la Alcald\u00eda de El Alto prepara varias actividades deportivas, entre ellas la \u201cbicicleteada familiar\u201d que tendr\u00e1 incentivos para quienes completen un recorrido de 10 kil\u00f3metros. El Alcalde de la ciudad, Eliser Roca Tancara, [&hellip;]<\/p>\n","protected":false},"author":17,"featured_media":27308,"comment_status":"open","ping_status":"open","sticky":false,"template":"","format":"standard","meta":{"content-type":"","footnotes":""},"categories":[161],"tags":[],"class_list":["post-27307","post","type-post","status-publish","format-standard","has-post-thumbnail","category-actividades"],"_links":{"self":[{"href":"https:\/\/elalto.gob.bo\/noticias\/index.php?rest_route=\/wp\/v2\/posts\/27307","targetHints":{"allow":["GET"]}}],"collection":[{"href":"https:\/\/elalto.gob.bo\/noticias\/index.php?rest_route=\/wp\/v2\/posts"}],"about":[{"href":"https:\/\/elalto.gob.bo\/noticias\/index.php?rest_route=\/wp\/v2\/types\/post"}],"author":[{"embeddable":true,"href":"https:\/\/elalto.gob.bo\/noticias\/index.php?rest_route=\/wp\/v2\/users\/17"}],"replies":[{"embeddable":true,"href":"https:\/\/elalto.gob.bo\/noticias\/index.php?rest_route=%2Fwp%2Fv2%2Fcomments&post=27307"}],"version-history":[{"count":1,"href":"https:\/\/elalto.gob.bo\/noticias\/index.php?rest_route=\/wp\/v2\/posts\/27307\/revisions"}],"predecessor-version":[{"id":27309,"href":"https:\/\/elalto.gob.bo\/noticias\/index.php?rest_route=\/wp\/v2\/posts\/27307\/revisions\/27309"}],"wp:featuredmedia":[{"embeddable":true,"href":"https:\/\/elalto.gob.bo\/noticias\/index.php?rest_route=\/wp\/v2\/media\/27308"}],"wp:attachment":[{"href":"https:\/\/elalto.gob.bo\/noticias\/index.php?rest_route=%2Fwp%2Fv2%2Fmedia&parent=27307"}],"wp:term":[{"taxonomy":"category","embeddable":true,"href":"https:\/\/elalto.gob.bo\/noticias\/index.php?rest_route=%2Fwp%2Fv2%2Fcategories&post=27307"},{"taxonomy":"post_tag","embeddable":true,"href":"https:\/\/elalto.gob.bo\/noticias\/index.php?rest_route=%2Fwp%2Fv2%2Ftags&post=27307"}],"curies":[{"name":"wp","href":"https:\/\/api.w.org\/{rel}","templated":true}]}}