{"id":27310,"date":"2026-09-01T14:18:04","date_gmt":"2026-09-01T18:18:04","guid":{"rendered":"https:\/\/elalto.gob.bo\/noticias\/?p=27310"},"modified":"2026-09-01T14:18:07","modified_gmt":"2026-09-01T18:18:07","slug":"fuerza-tecnica-y-pasion-se-demostraran-en-el-campeonato-de-lucha-amateur-olimpica","status":"publish","type":"post","link":"https:\/\/elalto.gob.bo\/noticias\/?p=27310","title":{"rendered":"Fuerza, t\u00e9cnica y pasi\u00f3n se demostrar\u00e1n en el campeonato de Lucha Amateur Ol\u00edmpica"},"content":{"rendered":"\n<p class=\"wp-block-paragraph\"><em>PRENSA GAMEA\/ Mar 01.09.2026<\/em><\/p>\n\n\n\n<p class=\"wp-block-paragraph\">Este s\u00e1bado 5 de septiembre, El Alto ser\u00e1 escenario del Campeonato de Lucha Amateur Ol\u00edmpica, una actividad dirigida principalmente a ni\u00f1as, ni\u00f1os y j\u00f3venes, con el objetivo de promover y fortalecer la pr\u00e1ctica de esta disciplina deportiva.<\/p>\n\n\n\n<p class=\"wp-block-paragraph\">Luis Miguel Arellano, director de Deportes de la Alcald\u00eda de El Alto, inform\u00f3 que el evento es organizado por la Asociaci\u00f3n de Lucha Amateur, en coordinaci\u00f3n con la Direcci\u00f3n de Deportes del Municipio.<\/p>\n\n\n\n<p class=\"wp-block-paragraph\">\u201cEste s\u00e1bado 5 de septiembre, despu\u00e9s del medio d\u00eda, se tiene previsto el Campeonato de Lucha, organizado por la Asociaci\u00f3n de Lucha Amateur. Est\u00e1 dirigido al p\u00fablico infantil y juvenil, donde podr\u00e1n conocer y apreciar esta disciplina\u201d, se\u00f1al\u00f3 Arellano.<\/p>\n\n\n\n<p class=\"wp-block-paragraph\">La autoridad invit\u00f3 a la poblaci\u00f3n alte\u00f1a a participar de esta actividad y conocer de cerca la lucha amateur ol\u00edmpica. El campeonato se desarrollar\u00e1 en el espacio donde entrenan los deportistas, ubicado en la calle 3, edificio Fern\u00e1ndez. Al finalizar la competencia se realizar\u00e1 la premiaci\u00f3n a los mejores participantes.<\/p>\n\n\n\n<p class=\"wp-block-paragraph\">Arellano explic\u00f3 que uno de los principales objetivos es fomentar la pr\u00e1ctica de esta disciplina y brindar mayores oportunidades a los deportistas que vienen prepar\u00e1ndose para participar en competencias nacionales que se desarrollar\u00e1n pr\u00f3ximamente en Santa Cruz.<\/p>\n\n\n\n<p class=\"wp-block-paragraph\">Asimismo, indic\u00f3 que la Direcci\u00f3n de Deportes realiza visitas a los diferentes espacios donde entrenan los deportistas alte\u00f1os, con el prop\u00f3sito de conocer sus necesidades y analizar alternativas de apoyo.<\/p>\n\n\n\n<p class=\"wp-block-paragraph\">\u201cNosotros hacemos la visita a los lugares donde ellos entrenan. No cuentan con espacios c\u00f3modos y desde la Direcci\u00f3n de Deportes estamos analizando c\u00f3mo podemos apoyarlos\u201d, manifest\u00f3.<\/p>\n\n\n\n<p class=\"wp-block-paragraph\">Finalmente, reiter\u00f3 la invitaci\u00f3n a la poblaci\u00f3n para asistir este s\u00e1bado al Campeonato y conocer el talento, esfuerzo y preparaci\u00f3n de los j\u00f3venes deportistas que representan a El Alto en esta disciplina.<br>\/\/\/\/\/\/<\/p>\n\n\n\n<p class=\"wp-block-paragraph\"><\/p>\n","protected":false},"excerpt":{"rendered":"<p>PRENSA GAMEA\/ Mar 01.09.2026 Este s\u00e1bado 5 de septiembre, El Alto ser\u00e1 escenario del Campeonato de Lucha Amateur Ol\u00edmpica, una actividad dirigida principalmente a ni\u00f1as, ni\u00f1os y j\u00f3venes, con el objetivo de promover y fortalecer la pr\u00e1ctica de esta disciplina deportiva. Luis Miguel Arellano, director de Deportes de la Alcald\u00eda de El Alto, inform\u00f3 que [&hellip;]<\/p>\n","protected":false},"author":17,"featured_media":27312,"comment_status":"open","ping_status":"open","sticky":false,"template":"","format":"standard","meta":{"content-type":"","footnotes":""},"categories":[163,1],"tags":[],"class_list":["post-27310","post","type-post","status-publish","format-standard","has-post-thumbnail","category-deportes","category-sin-categoria"],"_links":{"self":[{"href":"https:\/\/elalto.gob.bo\/noticias\/index.php?rest_route=\/wp\/v2\/posts\/27310","targetHints":{"allow":["GET"]}}],"collection":[{"href":"https:\/\/elalto.gob.bo\/noticias\/index.php?rest_route=\/wp\/v2\/posts"}],"about":[{"href":"https:\/\/elalto.gob.bo\/noticias\/index.php?rest_route=\/wp\/v2\/types\/post"}],"author":[{"embeddable":true,"href":"https:\/\/elalto.gob.bo\/noticias\/index.php?rest_route=\/wp\/v2\/users\/17"}],"replies":[{"embeddable":true,"href":"https:\/\/elalto.gob.bo\/noticias\/index.php?rest_route=%2Fwp%2Fv2%2Fcomments&post=27310"}],"version-history":[{"count":1,"href":"https:\/\/elalto.gob.bo\/noticias\/index.php?rest_route=\/wp\/v2\/posts\/27310\/revisions"}],"predecessor-version":[{"id":27311,"href":"https:\/\/elalto.gob.bo\/noticias\/index.php?rest_route=\/wp\/v2\/posts\/27310\/revisions\/27311"}],"wp:featuredmedia":[{"embeddable":true,"href":"https:\/\/elalto.gob.bo\/noticias\/index.php?rest_route=\/wp\/v2\/media\/27312"}],"wp:attachment":[{"href":"https:\/\/elalto.gob.bo\/noticias\/index.php?rest_route=%2Fwp%2Fv2%2Fmedia&parent=27310"}],"wp:term":[{"taxonomy":"category","embeddable":true,"href":"https:\/\/elalto.gob.bo\/noticias\/index.php?rest_route=%2Fwp%2Fv2%2Fcategories&post=27310"},{"taxonomy":"post_tag","embeddable":true,"href":"https:\/\/elalto.gob.bo\/noticias\/index.php?rest_route=%2Fwp%2Fv2%2Ftags&post=27310"}],"curies":[{"name":"wp","href":"https:\/\/api.w.org\/{rel}","templated":true}]}}