{"id":27313,"date":"2026-09-01T15:20:21","date_gmt":"2026-09-01T19:20:21","guid":{"rendered":"https:\/\/elalto.gob.bo\/noticias\/?p=27313"},"modified":"2026-09-01T15:20:25","modified_gmt":"2026-09-01T19:20:25","slug":"capacitacion-y-conformacion-de-brigadas-moviles-universitarias-de-salud-contra-el-sarampion","status":"publish","type":"post","link":"https:\/\/elalto.gob.bo\/noticias\/?p=27313","title":{"rendered":"Capacitaci\u00f3n y conformaci\u00f3n de brigadas m\u00f3viles universitarias de salud contra el sarampi\u00f3n"},"content":{"rendered":"\n<p class=\"wp-block-paragraph\"><em>PRENSA GAMEA \/01.09.26<\/em><\/p>\n\n\n\n<p class=\"wp-block-paragraph\">Con el objetivo de fortalecer los conocimientos de estudiantes universitarios, la Secretar\u00eda Municipal de Salud, en coordinaci\u00f3n con la Universidad Franz Tamayo, desarroll\u00f3 una jornada formativa sobre aspectos b\u00e1sicos del sarampi\u00f3n en el auditorio de la Casa Municipal \u201cJacha Uta\u201d.<\/p>\n\n\n\n<p class=\"wp-block-paragraph\">\u201cM\u00e1s de 400 estudiantes fueron capacitados el d\u00eda de hoy y ser\u00e1n incorporados al plan operativo. Esperamos que, a partir del pr\u00f3ximo lunes, podamos comunicar oportunamente a la poblaci\u00f3n el ingreso de las brigadas a los diferentes distritos y redes de salud para realizar visitas casa por casa. Estamos en una alerta epidemiol\u00f3gica, por lo que recomendamos a todas las familias alte\u00f1as acercarse a los Centros de Salud. La prevenci\u00f3n y la vacunaci\u00f3n son los mejores m\u00e9todos para evitar esta enfermedad tan contagiosa, que puede ser mortal en nuestros menores\u201d, afirm\u00f3 Yecid Humacayo, Director de Gesti\u00f3n de Salud del Gobierno Aut\u00f3nomo Municipal de El Alto.<\/p>\n\n\n\n<p class=\"wp-block-paragraph\">\u201cEl municipio de El Alto, en coordinaci\u00f3n con el Servicio Departamental de Salud, recomienda a los padres de familia que, si un ni\u00f1o o ni\u00f1a presenta fiebre acompa\u00f1ada de erupciones cut\u00e1neas, especialmente p\u00e1pulas en el rostro o tronco, pero sin presencia de ves\u00edculas, deben llevarlo al Centro de Salud m\u00e1s cercano para que sea evaluado y controlado oportunamente\u201d, mencion\u00f3 Ramiro Argollo, responsable de Epidemiolog\u00eda del municipio de El Alto.<\/p>\n\n\n\n<p class=\"wp-block-paragraph\">Se destaca que estudiantes de las carreras de Ciencias de la Salud, como Medicina, Bioqu\u00edmica, Enfermer\u00eda y Odontolog\u00eda, fueron capacitados por el Programa Ampliado de Inmunizaciones (PAI) para realizar visitas casa por casa, identificar casos sospechosos de sarampi\u00f3n y actuar de acuerdo con las competencias y lineamientos establecidos por las autoridades sanitarias.<br>\/\/\/\/\/<\/p>\n\n\n\n<p class=\"wp-block-paragraph\"><em>GESTI\u00d3N ELISER ROCA<\/em><\/p>\n","protected":false},"excerpt":{"rendered":"<p>PRENSA GAMEA \/01.09.26 Con el objetivo de fortalecer los conocimientos de estudiantes universitarios, la Secretar\u00eda Municipal de Salud, en coordinaci\u00f3n con la Universidad Franz Tamayo, desarroll\u00f3 una jornada formativa sobre aspectos b\u00e1sicos del sarampi\u00f3n en el auditorio de la Casa Municipal \u201cJacha Uta\u201d. \u201cM\u00e1s de 400 estudiantes fueron capacitados el d\u00eda de hoy y ser\u00e1n [&hellip;]<\/p>\n","protected":false},"author":17,"featured_media":27314,"comment_status":"open","ping_status":"open","sticky":false,"template":"","format":"standard","meta":{"content-type":"","footnotes":""},"categories":[160],"tags":[],"class_list":["post-27313","post","type-post","status-publish","format-standard","has-post-thumbnail","category-salud"],"_links":{"self":[{"href":"https:\/\/elalto.gob.bo\/noticias\/index.php?rest_route=\/wp\/v2\/posts\/27313","targetHints":{"allow":["GET"]}}],"collection":[{"href":"https:\/\/elalto.gob.bo\/noticias\/index.php?rest_route=\/wp\/v2\/posts"}],"about":[{"href":"https:\/\/elalto.gob.bo\/noticias\/index.php?rest_route=\/wp\/v2\/types\/post"}],"author":[{"embeddable":true,"href":"https:\/\/elalto.gob.bo\/noticias\/index.php?rest_route=\/wp\/v2\/users\/17"}],"replies":[{"embeddable":true,"href":"https:\/\/elalto.gob.bo\/noticias\/index.php?rest_route=%2Fwp%2Fv2%2Fcomments&post=27313"}],"version-history":[{"count":1,"href":"https:\/\/elalto.gob.bo\/noticias\/index.php?rest_route=\/wp\/v2\/posts\/27313\/revisions"}],"predecessor-version":[{"id":27315,"href":"https:\/\/elalto.gob.bo\/noticias\/index.php?rest_route=\/wp\/v2\/posts\/27313\/revisions\/27315"}],"wp:featuredmedia":[{"embeddable":true,"href":"https:\/\/elalto.gob.bo\/noticias\/index.php?rest_route=\/wp\/v2\/media\/27314"}],"wp:attachment":[{"href":"https:\/\/elalto.gob.bo\/noticias\/index.php?rest_route=%2Fwp%2Fv2%2Fmedia&parent=27313"}],"wp:term":[{"taxonomy":"category","embeddable":true,"href":"https:\/\/elalto.gob.bo\/noticias\/index.php?rest_route=%2Fwp%2Fv2%2Fcategories&post=27313"},{"taxonomy":"post_tag","embeddable":true,"href":"https:\/\/elalto.gob.bo\/noticias\/index.php?rest_route=%2Fwp%2Fv2%2Ftags&post=27313"}],"curies":[{"name":"wp","href":"https:\/\/api.w.org\/{rel}","templated":true}]}}