{"id":27316,"date":"2026-09-01T15:43:37","date_gmt":"2026-09-01T19:43:37","guid":{"rendered":"https:\/\/elalto.gob.bo\/noticias\/?p=27316"},"modified":"2026-09-01T15:43:44","modified_gmt":"2026-09-01T19:43:44","slug":"accion-comunal-vecinos-y-subalcaldia-del-distrito-3-unen-fuerzas-para-renovar-la-avenida-topater","status":"publish","type":"post","link":"https:\/\/elalto.gob.bo\/noticias\/?p=27316","title":{"rendered":"\u00a1Acci\u00f3n comunal! Vecinos y Subalcald\u00eda del Distrito 3 unen fuerzas para renovar la avenida Topater"},"content":{"rendered":"\n<p class=\"wp-block-paragraph\"><em>PRENSA GAMEA \/ Mar 01.09.2026<\/em><\/p>\n\n\n\n<p class=\"wp-block-paragraph\">Adi\u00f3s a los charcos y al barro en la avenida Topater. La Subalcald\u00eda del Distrito 3, junto a vecinos y comerciantes del sector, dio inicio al colocado de loseta en esta importante ruta, garantizando un paso m\u00e1s c\u00f3modo y seguro para las familias del Barrio del Periodista y para quienes acuden a la feria de los jueves y domingos.<\/p>\n\n\n\n<p class=\"wp-block-paragraph\">La intervenci\u00f3n responde a una inspecci\u00f3n realizada semanas atr\u00e1s ante el mal estado de la v\u00eda. El Subalcalde del Distrito 3, Guillermo Mamani, destac\u00f3 que se opt\u00f3 por un material resistente para asegurar que el arreglo permanezca intacto con el paso del tiempo. \u00abVinimos hace tres semanas a hacer la respectiva inspecci\u00f3n y dijimos ac\u00e1 tenemos que hacer algo, porque esta avenida es muy troncal. Es por eso que hemos coordinado con las diferentes unidades de la alcald\u00eda para conseguir el material y hemos logrado conseguir loseta, porque este material es m\u00e1s garantizado y duradero\u00bb, afirm\u00f3.<\/p>\n\n\n\n<p class=\"wp-block-paragraph\">La meta es extender la mejora a lo largo de casi 1.000 metros cuadrados hasta conectar con la avenida Julio C\u00e9sar Valdez. \u00abEstamos ejecutando un compromiso que hab\u00edamos hecho con los dirigentes del sector. Los vecinos est\u00e1n coadyuvando y estamos por buen camino, vamos a conseguir nosotros el material y hacer todo lo posible para acabar\u00bb, sostuvo el Subalcalde.<\/p>\n\n\n\n<p class=\"wp-block-paragraph\">El beneficio de esta obra fue destacado por el presidente del Barrio del Periodista, Timoteo Mamani, quien resalt\u00f3 la jornada de trabajo comunitario realizada entre vecinos, la directiva de la Asociaci\u00f3n 21 de Mayo y los comerciantes de los quioscos. El dirigente agradeci\u00f3 los trabajos se\u00f1alando que antes la v\u00eda se encontraba desgastada y profunda, provocando que en \u00e9poca de lluvias se convirtiera en una verdadera laguna, problema que finalmente queda en el pasado.<br>\/\/\/\/\/<\/p>\n\n\n\n<p class=\"wp-block-paragraph\"><\/p>\n\n\n\n<p class=\"wp-block-paragraph\"><\/p>\n\n\n\n<p class=\"wp-block-paragraph\"><\/p>\n","protected":false},"excerpt":{"rendered":"<p>PRENSA GAMEA \/ Mar 01.09.2026 Adi\u00f3s a los charcos y al barro en la avenida Topater. La Subalcald\u00eda del Distrito 3, junto a vecinos y comerciantes del sector, dio inicio al colocado de loseta en esta importante ruta, garantizando un paso m\u00e1s c\u00f3modo y seguro para las familias del Barrio del Periodista y para quienes [&hellip;]<\/p>\n","protected":false},"author":17,"featured_media":27317,"comment_status":"open","ping_status":"open","sticky":false,"template":"","format":"standard","meta":{"content-type":"","footnotes":""},"categories":[165],"tags":[],"class_list":["post-27316","post","type-post","status-publish","format-standard","has-post-thumbnail","category-subalcaldias"],"_links":{"self":[{"href":"https:\/\/elalto.gob.bo\/noticias\/index.php?rest_route=\/wp\/v2\/posts\/27316","targetHints":{"allow":["GET"]}}],"collection":[{"href":"https:\/\/elalto.gob.bo\/noticias\/index.php?rest_route=\/wp\/v2\/posts"}],"about":[{"href":"https:\/\/elalto.gob.bo\/noticias\/index.php?rest_route=\/wp\/v2\/types\/post"}],"author":[{"embeddable":true,"href":"https:\/\/elalto.gob.bo\/noticias\/index.php?rest_route=\/wp\/v2\/users\/17"}],"replies":[{"embeddable":true,"href":"https:\/\/elalto.gob.bo\/noticias\/index.php?rest_route=%2Fwp%2Fv2%2Fcomments&post=27316"}],"version-history":[{"count":1,"href":"https:\/\/elalto.gob.bo\/noticias\/index.php?rest_route=\/wp\/v2\/posts\/27316\/revisions"}],"predecessor-version":[{"id":27318,"href":"https:\/\/elalto.gob.bo\/noticias\/index.php?rest_route=\/wp\/v2\/posts\/27316\/revisions\/27318"}],"wp:featuredmedia":[{"embeddable":true,"href":"https:\/\/elalto.gob.bo\/noticias\/index.php?rest_route=\/wp\/v2\/media\/27317"}],"wp:attachment":[{"href":"https:\/\/elalto.gob.bo\/noticias\/index.php?rest_route=%2Fwp%2Fv2%2Fmedia&parent=27316"}],"wp:term":[{"taxonomy":"category","embeddable":true,"href":"https:\/\/elalto.gob.bo\/noticias\/index.php?rest_route=%2Fwp%2Fv2%2Fcategories&post=27316"},{"taxonomy":"post_tag","embeddable":true,"href":"https:\/\/elalto.gob.bo\/noticias\/index.php?rest_route=%2Fwp%2Fv2%2Ftags&post=27316"}],"curies":[{"name":"wp","href":"https:\/\/api.w.org\/{rel}","templated":true}]}}