{"id":27323,"date":"2026-09-01T16:23:21","date_gmt":"2026-09-01T20:23:21","guid":{"rendered":"https:\/\/elalto.gob.bo\/noticias\/?p=27323"},"modified":"2026-09-01T16:23:25","modified_gmt":"2026-09-01T20:23:25","slug":"flores-arte-y-tradicion-dan-inicio-al-mes-de-la-juventud-en-cruce-villa-adela","status":"publish","type":"post","link":"https:\/\/elalto.gob.bo\/noticias\/?p=27323","title":{"rendered":"Flores, arte y tradici\u00f3n dan inicio al mes de la juventud en Cruce Villa Adela"},"content":{"rendered":"\n<p class=\"wp-block-paragraph\"><em>PRENSA GAMEA \/ Mar 01.09.2026<\/em><\/p>\n\n\n\n<p class=\"wp-block-paragraph\">Para darle la bienvenida a la primavera y dinamizar la econom\u00eda de los peque\u00f1os productores, las Asociaciones de Artesanos Floricultores Kantuta y Eterna Primavera, junto a la Subalcald\u00eda del Distrito 3, inauguraron la Feria Sectorial de plantas ornamentales en el emblem\u00e1tico Puente del Cruce Villa Adela. La actividad invita a las familias alte\u00f1as a adquirir coloridas especies para embellecer sus jardines y espacios comunitarios.<\/p>\n\n\n\n<p class=\"wp-block-paragraph\">La muestra cuenta con una variada oferta de plantas forestales, florales, frutales y de adorno pensadas para renovar los hogares tras el invierno. Nicolasa Quispe, Secretaria General de la Asociaci\u00f3n Kantuta, anim\u00f3 a la poblaci\u00f3n a visitar el lugar. \u00abEstamos con nuestra feria de plantas ornamentales, forestales, florales y frutales, nos encontramos en el Cruce Villa Adela y quisiera invitar a la poblaci\u00f3n a visitarnos. Estamos en el mes de la primavera, ya pas\u00f3 el invierno y es importante reforestar nuestras casas, jardines y aceras. Vemos las flores y es parte de la salud las plantitas, si vemos flores nos sentimos sanos y no nos enfermamos\u00bb, expres\u00f3.<\/p>\n\n\n\n<p class=\"wp-block-paragraph\">Por su parte, el Subalcalde del Distrito 3, Guillermo Mamani, respald\u00f3 esta iniciativa de apoyo directo al trabajo de las vendedoras del sector. \u00abEstamos participando de este relanzamiento, ya que estamos iniciando la primavera, e invitamos a la ciudadan\u00eda alte\u00f1a a pasar por este sector a comprar sus plantas de diferentes especies y adquirir sus plantitas para embellecer sus hogares. As\u00ed tambi\u00e9n reactivamos la econom\u00eda de nuestras hermanas feriantes\u00bb, se\u00f1al\u00f3 la autoridad municipal.<br>\/\/\/\/\/<\/p>\n","protected":false},"excerpt":{"rendered":"<p>PRENSA GAMEA \/ Mar 01.09.2026 Para darle la bienvenida a la primavera y dinamizar la econom\u00eda de los peque\u00f1os productores, las Asociaciones de Artesanos Floricultores Kantuta y Eterna Primavera, junto a la Subalcald\u00eda del Distrito 3, inauguraron la Feria Sectorial de plantas ornamentales en el emblem\u00e1tico Puente del Cruce Villa Adela. La actividad invita a [&hellip;]<\/p>\n","protected":false},"author":17,"featured_media":27324,"comment_status":"open","ping_status":"open","sticky":false,"template":"","format":"standard","meta":{"content-type":"","footnotes":""},"categories":[161],"tags":[],"class_list":["post-27323","post","type-post","status-publish","format-standard","has-post-thumbnail","category-actividades"],"_links":{"self":[{"href":"https:\/\/elalto.gob.bo\/noticias\/index.php?rest_route=\/wp\/v2\/posts\/27323","targetHints":{"allow":["GET"]}}],"collection":[{"href":"https:\/\/elalto.gob.bo\/noticias\/index.php?rest_route=\/wp\/v2\/posts"}],"about":[{"href":"https:\/\/elalto.gob.bo\/noticias\/index.php?rest_route=\/wp\/v2\/types\/post"}],"author":[{"embeddable":true,"href":"https:\/\/elalto.gob.bo\/noticias\/index.php?rest_route=\/wp\/v2\/users\/17"}],"replies":[{"embeddable":true,"href":"https:\/\/elalto.gob.bo\/noticias\/index.php?rest_route=%2Fwp%2Fv2%2Fcomments&post=27323"}],"version-history":[{"count":1,"href":"https:\/\/elalto.gob.bo\/noticias\/index.php?rest_route=\/wp\/v2\/posts\/27323\/revisions"}],"predecessor-version":[{"id":27325,"href":"https:\/\/elalto.gob.bo\/noticias\/index.php?rest_route=\/wp\/v2\/posts\/27323\/revisions\/27325"}],"wp:featuredmedia":[{"embeddable":true,"href":"https:\/\/elalto.gob.bo\/noticias\/index.php?rest_route=\/wp\/v2\/media\/27324"}],"wp:attachment":[{"href":"https:\/\/elalto.gob.bo\/noticias\/index.php?rest_route=%2Fwp%2Fv2%2Fmedia&parent=27323"}],"wp:term":[{"taxonomy":"category","embeddable":true,"href":"https:\/\/elalto.gob.bo\/noticias\/index.php?rest_route=%2Fwp%2Fv2%2Fcategories&post=27323"},{"taxonomy":"post_tag","embeddable":true,"href":"https:\/\/elalto.gob.bo\/noticias\/index.php?rest_route=%2Fwp%2Fv2%2Ftags&post=27323"}],"curies":[{"name":"wp","href":"https:\/\/api.w.org\/{rel}","templated":true}]}}