{"id":27333,"date":"2026-09-02T08:53:22","date_gmt":"2026-09-02T12:53:22","guid":{"rendered":"https:\/\/elalto.gob.bo\/noticias\/?p=27333"},"modified":"2026-09-02T08:53:25","modified_gmt":"2026-09-02T12:53:25","slug":"subalcaldia-d3-entrega-material-de-construccion-a-la-u-e-carlos-palenque-en-sus-52-aniversario","status":"publish","type":"post","link":"https:\/\/elalto.gob.bo\/noticias\/?p=27333","title":{"rendered":"Subalcald\u00eda D3 entrega material de construcci\u00f3n a la U.E. Carlos Palenque en sus 52 aniversario"},"content":{"rendered":"\n<p class=\"wp-block-paragraph\"><em>PRENSA GAMEA \/ Mar 01.09.2026<\/em><\/p>\n\n\n\n<p class=\"wp-block-paragraph\">Con danzas folcl\u00f3ricas, actos c\u00edvicos y la participaci\u00f3n de la comunidad escolar, la Unidad Educativa Carlos Palenque Avil\u00e9s festej\u00f3 su 52\u00b0 aniversario institucional. La conmemoraci\u00f3n cont\u00f3 con la presencia del Subalcalde del Distrito 3, Guillermo Mamani Segura, quien se sum\u00f3 a los festejos brindando apoyo directo para el mantenimiento de la infraestructura del establecimiento.<\/p>\n\n\n\n<p class=\"wp-block-paragraph\">Durante la jornada, la autoridad hizo entrega de 10 bolsas de cemento destinadas a la ejecuci\u00f3n de refacciones prioritarias dentro del colegio. Adem\u00e1s, otorg\u00f3 certificados de reconocimiento al cuerpo docente por su constante labor formativa en favor de la ni\u00f1ez y juventud del sector.<\/p>\n\n\n\n<p class=\"wp-block-paragraph\">En la ocasi\u00f3n, la autoridad distrital destac\u00f3 el aporte de la instituci\u00f3n al desarrollo de la zona y reafirm\u00f3 el compromiso municipal con la educaci\u00f3n alte\u00f1a. \u00abEs una alegr\u00eda acompa\u00f1ar a esta querida comunidad escolar no solo celebrando sus 52 a\u00f1os de trayectoria, sino tambi\u00e9n aportando con materiales para sus instalaciones y destacando el valioso esfuerzo de sus docentes\u00bb, remarc\u00f3.<br>\/\/\/\/\/<\/p>\n\n\n\n<p class=\"wp-block-paragraph\">S\u00edguenos en:<br><em>Facebook<\/em><br><a href=\"https:\/\/www.facebook.com\/share\/17ZN8Efiin\/\">https:\/\/www.facebook.com\/share\/17ZN8Efiin\/<\/a><\/p>\n\n\n\n<p class=\"wp-block-paragraph\"><em>La web del GAMEA<\/em><br><a href=\"https:\/\/www.elalto.gob.bo\/\">https:\/\/www.elalto.gob.bo\/<\/a><\/p>\n\n\n\n<p class=\"wp-block-paragraph\"><em>X<\/em><br><a href=\"https:\/\/x.com\/elaltogamea\">https:\/\/x.com\/elaltogamea<\/a><\/p>\n\n\n\n<p class=\"wp-block-paragraph\"><em>Tik Tok<\/em><br><a href=\"https:\/\/www.tiktok.com\/@alcaldiaelalto\">https:\/\/www.tiktok.com\/@alcaldiaelalto<\/a><\/p>\n\n\n\n<p class=\"wp-block-paragraph\"><em>GESTI\u00d3N ELISER ROCA<\/em><\/p>\n","protected":false},"excerpt":{"rendered":"<p>PRENSA GAMEA \/ Mar 01.09.2026 Con danzas folcl\u00f3ricas, actos c\u00edvicos y la participaci\u00f3n de la comunidad escolar, la Unidad Educativa Carlos Palenque Avil\u00e9s festej\u00f3 su 52\u00b0 aniversario institucional. La conmemoraci\u00f3n cont\u00f3 con la presencia del Subalcalde del Distrito 3, Guillermo Mamani Segura, quien se sum\u00f3 a los festejos brindando apoyo directo para el mantenimiento de [&hellip;]<\/p>\n","protected":false},"author":17,"featured_media":27334,"comment_status":"open","ping_status":"open","sticky":false,"template":"","format":"standard","meta":{"content-type":"","footnotes":""},"categories":[165],"tags":[],"class_list":["post-27333","post","type-post","status-publish","format-standard","has-post-thumbnail","category-subalcaldias"],"_links":{"self":[{"href":"https:\/\/elalto.gob.bo\/noticias\/index.php?rest_route=\/wp\/v2\/posts\/27333","targetHints":{"allow":["GET"]}}],"collection":[{"href":"https:\/\/elalto.gob.bo\/noticias\/index.php?rest_route=\/wp\/v2\/posts"}],"about":[{"href":"https:\/\/elalto.gob.bo\/noticias\/index.php?rest_route=\/wp\/v2\/types\/post"}],"author":[{"embeddable":true,"href":"https:\/\/elalto.gob.bo\/noticias\/index.php?rest_route=\/wp\/v2\/users\/17"}],"replies":[{"embeddable":true,"href":"https:\/\/elalto.gob.bo\/noticias\/index.php?rest_route=%2Fwp%2Fv2%2Fcomments&post=27333"}],"version-history":[{"count":1,"href":"https:\/\/elalto.gob.bo\/noticias\/index.php?rest_route=\/wp\/v2\/posts\/27333\/revisions"}],"predecessor-version":[{"id":27335,"href":"https:\/\/elalto.gob.bo\/noticias\/index.php?rest_route=\/wp\/v2\/posts\/27333\/revisions\/27335"}],"wp:featuredmedia":[{"embeddable":true,"href":"https:\/\/elalto.gob.bo\/noticias\/index.php?rest_route=\/wp\/v2\/media\/27334"}],"wp:attachment":[{"href":"https:\/\/elalto.gob.bo\/noticias\/index.php?rest_route=%2Fwp%2Fv2%2Fmedia&parent=27333"}],"wp:term":[{"taxonomy":"category","embeddable":true,"href":"https:\/\/elalto.gob.bo\/noticias\/index.php?rest_route=%2Fwp%2Fv2%2Fcategories&post=27333"},{"taxonomy":"post_tag","embeddable":true,"href":"https:\/\/elalto.gob.bo\/noticias\/index.php?rest_route=%2Fwp%2Fv2%2Ftags&post=27333"}],"curies":[{"name":"wp","href":"https:\/\/api.w.org\/{rel}","templated":true}]}}