{"id":27336,"date":"2026-09-02T08:58:48","date_gmt":"2026-09-02T12:58:48","guid":{"rendered":"https:\/\/elalto.gob.bo\/noticias\/?p=27336"},"modified":"2026-09-02T08:58:53","modified_gmt":"2026-09-02T12:58:53","slug":"alcaldia-desmiente-suspension-de-inhumaciones-en-cementerio-de-mercedario","status":"publish","type":"post","link":"https:\/\/elalto.gob.bo\/noticias\/?p=27336","title":{"rendered":"Alcald\u00eda desmiente suspensi\u00f3n de inhumaciones en Cementerio de Mercedario"},"content":{"rendered":"\n<p class=\"wp-block-paragraph\"><em>PRENSA GAMEA\/ Mar 01.09.2026.<\/em><\/p>\n\n\n\n<p class=\"wp-block-paragraph\">Los cementerios municipales de El Alto brindan atenci\u00f3n con normalidad y mantienen habilitado el servicio de inhumaciones, inform\u00f3 la Secretario Municipal de Desarrollo Econ\u00f3mico, Willy Tancara, ante versiones sobre una supuesta suspensi\u00f3n de los entierros. La autoridad atribuy\u00f3 el comunicado falso a personas que buscan \u00abgenerar malestar\u00bb con la gesti\u00f3n municipal.<\/p>\n\n\n\n<p class=\"wp-block-paragraph\">\u00abEl Gobierno Aut\u00f3nomo Municipal de El Alto no ha emitido ning\u00fan tipo de comunicado se\u00f1alando de que se ha suspendido el tema de las inhumaciones\u00bb*, inform\u00f3.<\/p>\n\n\n\n<p class=\"wp-block-paragraph\">Para tranquilidad de la poblaci\u00f3n, aclar\u00f3 que los cementerios, dependientes del municipio, est\u00e1n atendiendo con normalidad, m\u00e1s aun en los momentos dif\u00edciles y sensibles que puedan tener las familias alte\u00f1as, agreg\u00f3.<\/p>\n\n\n\n<p class=\"wp-block-paragraph\">Tancara vincul\u00f3 la difusi\u00f3n del falso comunicado con una denuncia realizada por el Alcalde la semana pasada, en el informe sobre los 100 d\u00edas de su gesti\u00f3n.<\/p>\n\n\n\n<p class=\"wp-block-paragraph\">\u00abNosotros suponemos de que este tipo de aviso de pronto ha sido emitido para causar un malestar con la gesti\u00f3n municipal, esto debido al informe que ha emitido nuestro Alcalde de la ciudad de El Alto la semana pasada\u00bb, indic\u00f3.<\/p>\n\n\n\n<p class=\"wp-block-paragraph\">El Secretario explic\u00f3 que en una fiscalizaci\u00f3n se detect\u00f3 un presunto perjuicio econ\u00f3mico.<br>\u00abDentro de este sector hemos encontrado un posible da\u00f1o econ\u00f3mico al estado que supera los dos millones de bolivianos por haber usufructuado bienes del estado\u00bb, detall\u00f3.<\/p>\n\n\n\n<p class=\"wp-block-paragraph\">Seg\u00fan la autoridad, se trata de construcciones clandestinas en cementerios que eran usufructuadas por terceras personas.<\/p>\n\n\n\n<p class=\"wp-block-paragraph\">\u00abHemos visto en anteriores gestiones que ha habido construcciones clandestinas y que estas construcciones clandestinas son usufructuadas por terceras personas y supuestamente habr\u00edan sido autorizadas por la anterior gesti\u00f3n\u00bb, afirm\u00f3.<\/p>\n\n\n\n<p class=\"wp-block-paragraph\">\u00abNosotros hemos aclarado a aquellas personas que est\u00e1n realizando este tipo de construcciones que este tipo de acto es completamente ilegal\u00bb, sostuvo.<\/p>\n\n\n\n<p class=\"wp-block-paragraph\">Tancara pidi\u00f3 a la poblaci\u00f3n reportar cualquier cobro irregular, especialmente en momentos tan sensibles. \u00abNo puede existir cobros a nuestra poblaci\u00f3n especialmente en esos momentos m\u00e1s sensibles\u00bb, dijo.<\/p>\n\n\n\n<p class=\"wp-block-paragraph\">Para denuncias habilit\u00f3 una l\u00ednea directa:<br>\u00abPara cualquier situaci\u00f3n, reclamo, pueden hacer una llamada o escribir al WhatsApp al 74020312 que es el n\u00famero de la Secretar\u00eda Municipal\u00bb, concluy\u00f3.<br>\/\/\/\/<\/p>\n\n\n\n<p class=\"wp-block-paragraph\"><\/p>\n","protected":false},"excerpt":{"rendered":"<p>PRENSA GAMEA\/ Mar 01.09.2026. Los cementerios municipales de El Alto brindan atenci\u00f3n con normalidad y mantienen habilitado el servicio de inhumaciones, inform\u00f3 la Secretario Municipal de Desarrollo Econ\u00f3mico, Willy Tancara, ante versiones sobre una supuesta suspensi\u00f3n de los entierros. La autoridad atribuy\u00f3 el comunicado falso a personas que buscan \u00abgenerar malestar\u00bb con la gesti\u00f3n municipal. [&hellip;]<\/p>\n","protected":false},"author":17,"featured_media":27337,"comment_status":"open","ping_status":"open","sticky":false,"template":"","format":"standard","meta":{"content-type":"","footnotes":""},"categories":[51],"tags":[],"class_list":["post-27336","post","type-post","status-publish","format-standard","has-post-thumbnail","category-economia"],"_links":{"self":[{"href":"https:\/\/elalto.gob.bo\/noticias\/index.php?rest_route=\/wp\/v2\/posts\/27336","targetHints":{"allow":["GET"]}}],"collection":[{"href":"https:\/\/elalto.gob.bo\/noticias\/index.php?rest_route=\/wp\/v2\/posts"}],"about":[{"href":"https:\/\/elalto.gob.bo\/noticias\/index.php?rest_route=\/wp\/v2\/types\/post"}],"author":[{"embeddable":true,"href":"https:\/\/elalto.gob.bo\/noticias\/index.php?rest_route=\/wp\/v2\/users\/17"}],"replies":[{"embeddable":true,"href":"https:\/\/elalto.gob.bo\/noticias\/index.php?rest_route=%2Fwp%2Fv2%2Fcomments&post=27336"}],"version-history":[{"count":1,"href":"https:\/\/elalto.gob.bo\/noticias\/index.php?rest_route=\/wp\/v2\/posts\/27336\/revisions"}],"predecessor-version":[{"id":27338,"href":"https:\/\/elalto.gob.bo\/noticias\/index.php?rest_route=\/wp\/v2\/posts\/27336\/revisions\/27338"}],"wp:featuredmedia":[{"embeddable":true,"href":"https:\/\/elalto.gob.bo\/noticias\/index.php?rest_route=\/wp\/v2\/media\/27337"}],"wp:attachment":[{"href":"https:\/\/elalto.gob.bo\/noticias\/index.php?rest_route=%2Fwp%2Fv2%2Fmedia&parent=27336"}],"wp:term":[{"taxonomy":"category","embeddable":true,"href":"https:\/\/elalto.gob.bo\/noticias\/index.php?rest_route=%2Fwp%2Fv2%2Fcategories&post=27336"},{"taxonomy":"post_tag","embeddable":true,"href":"https:\/\/elalto.gob.bo\/noticias\/index.php?rest_route=%2Fwp%2Fv2%2Ftags&post=27336"}],"curies":[{"name":"wp","href":"https:\/\/api.w.org\/{rel}","templated":true}]}}