{"id":27339,"date":"2026-09-02T09:02:33","date_gmt":"2026-09-02T13:02:33","guid":{"rendered":"https:\/\/elalto.gob.bo\/noticias\/?p=27339"},"modified":"2026-09-02T09:02:36","modified_gmt":"2026-09-02T13:02:36","slug":"alcaldia-refacciona-vias-en-la-urbanizacion-21-de-septiembre-del-d-7","status":"publish","type":"post","link":"https:\/\/elalto.gob.bo\/noticias\/?p=27339","title":{"rendered":"Alcald\u00eda refacciona v\u00edas en la urbanizaci\u00f3n 21 de septiembre del D- 7"},"content":{"rendered":"\n<p class=\"wp-block-paragraph\"><em>PRENSA GAMEA\/ Mar 01.09.2026<\/em><\/p>\n\n\n\n<p class=\"wp-block-paragraph\">Con maquinaria pesada, la Alcald\u00eda de El Alto realiz\u00f3 el perfilado de calles y avenidas en la Urbanizaci\u00f3n 21 de Septiembre del Distrito 7 para mejorar las condiciones de circulaci\u00f3n vehicular y peatonal de los vecinos del sector.<\/p>\n\n\n\n<p class=\"wp-block-paragraph\">Por mandato del Alcalde de El Alto, Eliser RocaTancara, y bajo la Direcci\u00f3n del Subalcalde Edgar Condori Limachi, personal municipal y maquinaria pesada desarrollaron estas labores para mejorar el estado de las v\u00edas y facilitar el acceso de veh\u00edculos y peatones.<\/p>\n\n\n\n<p class=\"wp-block-paragraph\">Los trabajos forman parte de las acciones de la gesti\u00f3n municipal destinadas a atender las necesidades prioritarias de la poblaci\u00f3n y fortalecer el desarrollo urbano del Distrito 7.<br>\/\/\/\/\/\/<\/p>\n\n\n\n<p class=\"wp-block-paragraph\"><\/p>\n\n\n\n<p class=\"wp-block-paragraph\"><\/p>\n\n\n\n<p class=\"wp-block-paragraph\"><\/p>\n","protected":false},"excerpt":{"rendered":"<p>PRENSA GAMEA\/ Mar 01.09.2026 Con maquinaria pesada, la Alcald\u00eda de El Alto realiz\u00f3 el perfilado de calles y avenidas en la Urbanizaci\u00f3n 21 de Septiembre del Distrito 7 para mejorar las condiciones de circulaci\u00f3n vehicular y peatonal de los vecinos del sector. Por mandato del Alcalde de El Alto, Eliser RocaTancara, y bajo la Direcci\u00f3n [&hellip;]<\/p>\n","protected":false},"author":17,"featured_media":27340,"comment_status":"open","ping_status":"open","sticky":false,"template":"","format":"standard","meta":{"content-type":"","footnotes":""},"categories":[165],"tags":[],"class_list":["post-27339","post","type-post","status-publish","format-standard","has-post-thumbnail","category-subalcaldias"],"_links":{"self":[{"href":"https:\/\/elalto.gob.bo\/noticias\/index.php?rest_route=\/wp\/v2\/posts\/27339","targetHints":{"allow":["GET"]}}],"collection":[{"href":"https:\/\/elalto.gob.bo\/noticias\/index.php?rest_route=\/wp\/v2\/posts"}],"about":[{"href":"https:\/\/elalto.gob.bo\/noticias\/index.php?rest_route=\/wp\/v2\/types\/post"}],"author":[{"embeddable":true,"href":"https:\/\/elalto.gob.bo\/noticias\/index.php?rest_route=\/wp\/v2\/users\/17"}],"replies":[{"embeddable":true,"href":"https:\/\/elalto.gob.bo\/noticias\/index.php?rest_route=%2Fwp%2Fv2%2Fcomments&post=27339"}],"version-history":[{"count":1,"href":"https:\/\/elalto.gob.bo\/noticias\/index.php?rest_route=\/wp\/v2\/posts\/27339\/revisions"}],"predecessor-version":[{"id":27341,"href":"https:\/\/elalto.gob.bo\/noticias\/index.php?rest_route=\/wp\/v2\/posts\/27339\/revisions\/27341"}],"wp:featuredmedia":[{"embeddable":true,"href":"https:\/\/elalto.gob.bo\/noticias\/index.php?rest_route=\/wp\/v2\/media\/27340"}],"wp:attachment":[{"href":"https:\/\/elalto.gob.bo\/noticias\/index.php?rest_route=%2Fwp%2Fv2%2Fmedia&parent=27339"}],"wp:term":[{"taxonomy":"category","embeddable":true,"href":"https:\/\/elalto.gob.bo\/noticias\/index.php?rest_route=%2Fwp%2Fv2%2Fcategories&post=27339"},{"taxonomy":"post_tag","embeddable":true,"href":"https:\/\/elalto.gob.bo\/noticias\/index.php?rest_route=%2Fwp%2Fv2%2Ftags&post=27339"}],"curies":[{"name":"wp","href":"https:\/\/api.w.org\/{rel}","templated":true}]}}