{"id":27342,"date":"2026-09-02T09:05:15","date_gmt":"2026-09-02T13:05:15","guid":{"rendered":"https:\/\/elalto.gob.bo\/noticias\/?p=27342"},"modified":"2026-09-02T09:05:18","modified_gmt":"2026-09-02T13:05:18","slug":"inicia-campana-de-esterilizacion-de-perros-y-gatos-a-40-bolivianos-en-el-distrito-3","status":"publish","type":"post","link":"https:\/\/elalto.gob.bo\/noticias\/?p=27342","title":{"rendered":"Inicia campa\u00f1a de esterilizaci\u00f3n de perros y gatos a 40 bolivianos en el Distrito 3"},"content":{"rendered":"\n<p class=\"wp-block-paragraph\"><em>PRENSA GAMEA \/ Mar 01.09.2026<\/em><\/p>\n\n\n\n<p class=\"wp-block-paragraph\">Con el objetivo de cuidar la salud de los animales de compa\u00f1\u00eda y fomentar la tenencia responsable, la Subalcald\u00eda del Distrito 3 lanz\u00f3 este martes la \u00abCampa\u00f1a de Esterilizaci\u00f3n Canina y Felina\u00bb. La iniciativa permitir\u00e1 intervenir quir\u00fargicamente a perros y gatos a un costo accesible de 40 bolivianos en las instalaciones de Zoonosis El Alto, ubicadas en la ex Zona Franca, al final de la avenida Cochabamba.<\/p>\n\n\n\n<p class=\"wp-block-paragraph\">Las inscripciones y el registro de las mascotas se recepcionar\u00e1n desde el 1 hasta el 7 de septiembre en las oficinas de la Subalcald\u00eda del Distrito 3, donde la poblaci\u00f3n podr\u00e1 agendar la fecha de la cirug\u00eda. A partir de esa fecha, las intervenciones quir\u00fargicas se desarrollar\u00e1n durante todo el mes de septiembre los d\u00edas lunes, martes y mi\u00e9rcoles, mientras que los viernes se realizar\u00e1n las consultas de control postoperatorio.<\/p>\n\n\n\n<p class=\"wp-block-paragraph\">\u00abInformar a la poblaci\u00f3n alte\u00f1a, en particular a los vecinos del Distrito 3, que como Subalcald\u00eda estamos coadyuvando y lanzando esta campa\u00f1a de esterilizaci\u00f3n para nuestras mascotas junto a Zoonosis. Las inscripciones son desde hoy hasta el 7 de septiembre; invitamos a todas las personas a pasar por la Subalcald\u00eda a hacer su registro para agendar la intervenci\u00f3n de su mascotita\u00bb, resalt\u00f3 el Subalcalde del Distrito 3, Guillermo Mamani.<\/p>\n\n\n\n<p class=\"wp-block-paragraph\">Asimismo, la autoridad inform\u00f3 que la tarifa de 40 bolivianos es un costo social que cubre la totalidad de los insumos m\u00e9dicos y la intervenci\u00f3n quir\u00fargica en las dependencias de Zoonosis. Adem\u00e1s, acot\u00f3 que la poblaci\u00f3n interesada puede escanear el c\u00f3digo QR institucional para conocer los requisitos detallados y absolver cualquier duda sobre la campa\u00f1a.<br>\/\/\/\/\/\/<\/p>\n","protected":false},"excerpt":{"rendered":"<p>PRENSA GAMEA \/ Mar 01.09.2026 Con el objetivo de cuidar la salud de los animales de compa\u00f1\u00eda y fomentar la tenencia responsable, la Subalcald\u00eda del Distrito 3 lanz\u00f3 este martes la \u00abCampa\u00f1a de Esterilizaci\u00f3n Canina y Felina\u00bb. La iniciativa permitir\u00e1 intervenir quir\u00fargicamente a perros y gatos a un costo accesible de 40 bolivianos en las [&hellip;]<\/p>\n","protected":false},"author":17,"featured_media":27343,"comment_status":"open","ping_status":"open","sticky":false,"template":"","format":"standard","meta":{"content-type":"","footnotes":""},"categories":[1],"tags":[],"class_list":["post-27342","post","type-post","status-publish","format-standard","has-post-thumbnail","category-sin-categoria"],"_links":{"self":[{"href":"https:\/\/elalto.gob.bo\/noticias\/index.php?rest_route=\/wp\/v2\/posts\/27342","targetHints":{"allow":["GET"]}}],"collection":[{"href":"https:\/\/elalto.gob.bo\/noticias\/index.php?rest_route=\/wp\/v2\/posts"}],"about":[{"href":"https:\/\/elalto.gob.bo\/noticias\/index.php?rest_route=\/wp\/v2\/types\/post"}],"author":[{"embeddable":true,"href":"https:\/\/elalto.gob.bo\/noticias\/index.php?rest_route=\/wp\/v2\/users\/17"}],"replies":[{"embeddable":true,"href":"https:\/\/elalto.gob.bo\/noticias\/index.php?rest_route=%2Fwp%2Fv2%2Fcomments&post=27342"}],"version-history":[{"count":1,"href":"https:\/\/elalto.gob.bo\/noticias\/index.php?rest_route=\/wp\/v2\/posts\/27342\/revisions"}],"predecessor-version":[{"id":27344,"href":"https:\/\/elalto.gob.bo\/noticias\/index.php?rest_route=\/wp\/v2\/posts\/27342\/revisions\/27344"}],"wp:featuredmedia":[{"embeddable":true,"href":"https:\/\/elalto.gob.bo\/noticias\/index.php?rest_route=\/wp\/v2\/media\/27343"}],"wp:attachment":[{"href":"https:\/\/elalto.gob.bo\/noticias\/index.php?rest_route=%2Fwp%2Fv2%2Fmedia&parent=27342"}],"wp:term":[{"taxonomy":"category","embeddable":true,"href":"https:\/\/elalto.gob.bo\/noticias\/index.php?rest_route=%2Fwp%2Fv2%2Fcategories&post=27342"},{"taxonomy":"post_tag","embeddable":true,"href":"https:\/\/elalto.gob.bo\/noticias\/index.php?rest_route=%2Fwp%2Fv2%2Ftags&post=27342"}],"curies":[{"name":"wp","href":"https:\/\/api.w.org\/{rel}","templated":true}]}}