{"id":27345,"date":"2026-09-02T10:24:45","date_gmt":"2026-09-02T14:24:45","guid":{"rendered":"https:\/\/elalto.gob.bo\/noticias\/?p=27345"},"modified":"2026-09-02T10:24:49","modified_gmt":"2026-09-02T14:24:49","slug":"subalcaldia-del-distrito-4-refacciona-el-parque-infantil-de-la-zona-juana-azurduy-de-padilla","status":"publish","type":"post","link":"https:\/\/elalto.gob.bo\/noticias\/?p=27345","title":{"rendered":"Subalcald\u00eda del Distrito 4 refacciona el parque infantil de la zona Juana Azurduy de Padilla"},"content":{"rendered":"\n<p class=\"wp-block-paragraph\"><em>PRENSA GAMEA \/ Mar 01.09.2026<\/em><\/p>\n\n\n\n<p class=\"wp-block-paragraph\">Con el prop\u00f3sito de recuperar las \u00e1reas de esparcimiento para las familias del sector, la Subalcald\u00eda del Distrito 4 ejecut\u00f3 trabajos de mantenimiento en el parque infantil de la zona Juana Azurduy de Padilla, Unidad Vecinal \u00abA\u00bb. Las labores permitieron acondicionar este espacio recreativo orientado al sano esparcimiento de las ni\u00f1as y ni\u00f1os de la junta vecinal.<\/p>\n\n\n\n<p class=\"wp-block-paragraph\">La intervenci\u00f3n integral forma parte del plan de atenci\u00f3n continua a los espacios p\u00fablicos del distrito, priorizando las \u00e1reas verdes y los lugares de juego infantil para brindar mayor seguridad y comodidad a la comunidad escolar y vecinal de la zona.<\/p>\n\n\n\n<p class=\"wp-block-paragraph\">El Subalcalde del Distrito 4, Franz Grover Contreras Si\u00f1ani, reafirm\u00f3 el compromiso de la gesti\u00f3n municipal de responder de manera directa a las demandas de los barrios. \u00abSeguimos trabajando y atendiendo las necesidades de nuestros vecinos para ofrecer mejores espacios a nuestras familias y garantizar que nuestros ni\u00f1os cuenten con lugares adecuados para su recreaci\u00f3n\u00bb, dijo.<br>\/\/\/\/\/\/<\/p>\n\n\n\n<p class=\"wp-block-paragraph\"><\/p>\n\n\n\n<p class=\"wp-block-paragraph\"><\/p>\n","protected":false},"excerpt":{"rendered":"<p>PRENSA GAMEA \/ Mar 01.09.2026 Con el prop\u00f3sito de recuperar las \u00e1reas de esparcimiento para las familias del sector, la Subalcald\u00eda del Distrito 4 ejecut\u00f3 trabajos de mantenimiento en el parque infantil de la zona Juana Azurduy de Padilla, Unidad Vecinal \u00abA\u00bb. Las labores permitieron acondicionar este espacio recreativo orientado al sano esparcimiento de las [&hellip;]<\/p>\n","protected":false},"author":17,"featured_media":27346,"comment_status":"open","ping_status":"open","sticky":false,"template":"","format":"standard","meta":{"content-type":"","footnotes":""},"categories":[165],"tags":[],"class_list":["post-27345","post","type-post","status-publish","format-standard","has-post-thumbnail","category-subalcaldias"],"_links":{"self":[{"href":"https:\/\/elalto.gob.bo\/noticias\/index.php?rest_route=\/wp\/v2\/posts\/27345","targetHints":{"allow":["GET"]}}],"collection":[{"href":"https:\/\/elalto.gob.bo\/noticias\/index.php?rest_route=\/wp\/v2\/posts"}],"about":[{"href":"https:\/\/elalto.gob.bo\/noticias\/index.php?rest_route=\/wp\/v2\/types\/post"}],"author":[{"embeddable":true,"href":"https:\/\/elalto.gob.bo\/noticias\/index.php?rest_route=\/wp\/v2\/users\/17"}],"replies":[{"embeddable":true,"href":"https:\/\/elalto.gob.bo\/noticias\/index.php?rest_route=%2Fwp%2Fv2%2Fcomments&post=27345"}],"version-history":[{"count":1,"href":"https:\/\/elalto.gob.bo\/noticias\/index.php?rest_route=\/wp\/v2\/posts\/27345\/revisions"}],"predecessor-version":[{"id":27348,"href":"https:\/\/elalto.gob.bo\/noticias\/index.php?rest_route=\/wp\/v2\/posts\/27345\/revisions\/27348"}],"wp:featuredmedia":[{"embeddable":true,"href":"https:\/\/elalto.gob.bo\/noticias\/index.php?rest_route=\/wp\/v2\/media\/27346"}],"wp:attachment":[{"href":"https:\/\/elalto.gob.bo\/noticias\/index.php?rest_route=%2Fwp%2Fv2%2Fmedia&parent=27345"}],"wp:term":[{"taxonomy":"category","embeddable":true,"href":"https:\/\/elalto.gob.bo\/noticias\/index.php?rest_route=%2Fwp%2Fv2%2Fcategories&post=27345"},{"taxonomy":"post_tag","embeddable":true,"href":"https:\/\/elalto.gob.bo\/noticias\/index.php?rest_route=%2Fwp%2Fv2%2Ftags&post=27345"}],"curies":[{"name":"wp","href":"https:\/\/api.w.org\/{rel}","templated":true}]}}