{"id":27349,"date":"2026-09-02T11:18:08","date_gmt":"2026-09-02T15:18:08","guid":{"rendered":"https:\/\/elalto.gob.bo\/noticias\/?p=27349"},"modified":"2026-09-02T11:18:16","modified_gmt":"2026-09-02T15:18:16","slug":"retiran-escombros-de-la-avenida-costanera-en-la-zona-franz-tamayo-del-distrito-4","status":"publish","type":"post","link":"https:\/\/elalto.gob.bo\/noticias\/?p=27349","title":{"rendered":"Retiran escombros de la avenida Costanera en la zona Franz Tamayo del Distrito 4"},"content":{"rendered":"\n<p class=\"wp-block-paragraph\"><em>PRENSA GAMEA \/ Mar 01.09.2026<\/em><\/p>\n\n\n\n<p class=\"wp-block-paragraph\">Con el objetivo de garantizar el libre tr\u00e1nsito y mejorar la imagen urbana del sector, la Subalcald\u00eda del Distrito 4 despleg\u00f3 trabajos de limpieza y retiro de escombros en la avenida Costanera, a la altura de la zona Franz Tamayo. La intervenci\u00f3n permiti\u00f3 despejar la v\u00eda p\u00fablica y prevenir focos de contaminaci\u00f3n en beneficio de los vecinos y conductores que transitan a diario por el lugar.<\/p>\n\n\n\n<p class=\"wp-block-paragraph\">Estas labores forman parte del plan integral de mantenimiento vial y aseo urbano que ejecuta la comuna alte\u00f1a para recuperar los espacios p\u00fablicos y mantener despejadas las arterias principales del distrito.<\/p>\n\n\n\n<p class=\"wp-block-paragraph\">El Subalcalde del Distrito 4, Franz Grover Contreras Si\u00f1ani, remarc\u00f3 el compromiso institucional de atender de forma \u00e1gil los requerimientos de la junta vecinal. \u00abSeguimos trabajando de manera constante en la limpieza y el despeje de nuestras avenidas para brindar v\u00edas m\u00e1s seguras, ordenadas y limpias para todas las familias del Distrito 4\u00bb, se\u00f1al\u00f3 la autoridad municipal.<br>\/\/\/\/\/<\/p>\n\n\n\n<p class=\"wp-block-paragraph\"><br><\/p>\n\n\n\n<p class=\"wp-block-paragraph\"><em> <\/em><br><\/p>\n\n\n\n<p class=\"wp-block-paragraph\"><\/p>\n\n\n\n<p class=\"wp-block-paragraph\"><\/p>\n","protected":false},"excerpt":{"rendered":"<p>PRENSA GAMEA \/ Mar 01.09.2026 Con el objetivo de garantizar el libre tr\u00e1nsito y mejorar la imagen urbana del sector, la Subalcald\u00eda del Distrito 4 despleg\u00f3 trabajos de limpieza y retiro de escombros en la avenida Costanera, a la altura de la zona Franz Tamayo. La intervenci\u00f3n permiti\u00f3 despejar la v\u00eda p\u00fablica y prevenir focos [&hellip;]<\/p>\n","protected":false},"author":17,"featured_media":27350,"comment_status":"open","ping_status":"open","sticky":false,"template":"","format":"standard","meta":{"content-type":"","footnotes":""},"categories":[165],"tags":[],"class_list":["post-27349","post","type-post","status-publish","format-standard","has-post-thumbnail","category-subalcaldias"],"_links":{"self":[{"href":"https:\/\/elalto.gob.bo\/noticias\/index.php?rest_route=\/wp\/v2\/posts\/27349","targetHints":{"allow":["GET"]}}],"collection":[{"href":"https:\/\/elalto.gob.bo\/noticias\/index.php?rest_route=\/wp\/v2\/posts"}],"about":[{"href":"https:\/\/elalto.gob.bo\/noticias\/index.php?rest_route=\/wp\/v2\/types\/post"}],"author":[{"embeddable":true,"href":"https:\/\/elalto.gob.bo\/noticias\/index.php?rest_route=\/wp\/v2\/users\/17"}],"replies":[{"embeddable":true,"href":"https:\/\/elalto.gob.bo\/noticias\/index.php?rest_route=%2Fwp%2Fv2%2Fcomments&post=27349"}],"version-history":[{"count":1,"href":"https:\/\/elalto.gob.bo\/noticias\/index.php?rest_route=\/wp\/v2\/posts\/27349\/revisions"}],"predecessor-version":[{"id":27351,"href":"https:\/\/elalto.gob.bo\/noticias\/index.php?rest_route=\/wp\/v2\/posts\/27349\/revisions\/27351"}],"wp:featuredmedia":[{"embeddable":true,"href":"https:\/\/elalto.gob.bo\/noticias\/index.php?rest_route=\/wp\/v2\/media\/27350"}],"wp:attachment":[{"href":"https:\/\/elalto.gob.bo\/noticias\/index.php?rest_route=%2Fwp%2Fv2%2Fmedia&parent=27349"}],"wp:term":[{"taxonomy":"category","embeddable":true,"href":"https:\/\/elalto.gob.bo\/noticias\/index.php?rest_route=%2Fwp%2Fv2%2Fcategories&post=27349"},{"taxonomy":"post_tag","embeddable":true,"href":"https:\/\/elalto.gob.bo\/noticias\/index.php?rest_route=%2Fwp%2Fv2%2Ftags&post=27349"}],"curies":[{"name":"wp","href":"https:\/\/api.w.org\/{rel}","templated":true}]}}