{"id":27352,"date":"2026-09-02T11:20:30","date_gmt":"2026-09-02T15:20:30","guid":{"rendered":"https:\/\/elalto.gob.bo\/noticias\/?p=27352"},"modified":"2026-09-02T11:20:35","modified_gmt":"2026-09-02T15:20:35","slug":"atencion-inmediata-en-la-u-e-1ro-de-mayo-reparan-muro-y-baranda-inestables","status":"publish","type":"post","link":"https:\/\/elalto.gob.bo\/noticias\/?p=27352","title":{"rendered":"Atenci\u00f3n inmediata en la U.E. 1ro de Mayo: reparan muro y baranda inestables"},"content":{"rendered":"\n<p class=\"wp-block-paragraph\"><em>PRENSA GAMEA \/ Mar 01.09.2026<\/em><\/p>\n\n\n\n<p class=\"wp-block-paragraph\">Atendiendo de forma inmediata la solicitud de la comunidad educativa, la Subalcald\u00eda del Distrito 3 despleg\u00f3 a su cuadrilla de mantenimiento en las instalaciones de la Unidad Educativa 1ro de Mayo, donde un tramo del muro perimetral y su baranda presentaban deterioro y requer\u00edan atenci\u00f3n prioritaria.<\/p>\n\n\n\n<p class=\"wp-block-paragraph\">Como medida preventiva para resguardar a los estudiantes y al personal docente, los t\u00e9cnicos acordonaron de manera inicial el \u00e1rea afectada con se\u00f1alizaci\u00f3n de seguridad para restringir el paso mientras se ejecutaban las maniobras de reparaci\u00f3n.<\/p>\n\n\n\n<p class=\"wp-block-paragraph\">Seguidamente, el equipo operativo realiz\u00f3 el retiro de la estructura inestable e inici\u00f3 los trabajos de reconstrucci\u00f3n del muro de ladrillos, garantizando una base firme para el reacondicionamiento completo de la baranda de protecci\u00f3n.<\/p>\n\n\n\n<p class=\"wp-block-paragraph\">\u00abActuamos de forma inmediata para reparar la estructura y brindar tranquilidad a los padres de familia. Seguiremos atendiendo con prontitud las necesidades de nuestras Unidades Educativas\u00bb, se\u00f1al\u00f3 el Subalcalde del Distrito 3, Guillermo Mamani.<br>\/\/\/\/\/\/<\/p>\n\n\n\n<p class=\"wp-block-paragraph\"><\/p>\n\n\n\n<p class=\"wp-block-paragraph\"><\/p>\n","protected":false},"excerpt":{"rendered":"<p>PRENSA GAMEA \/ Mar 01.09.2026 Atendiendo de forma inmediata la solicitud de la comunidad educativa, la Subalcald\u00eda del Distrito 3 despleg\u00f3 a su cuadrilla de mantenimiento en las instalaciones de la Unidad Educativa 1ro de Mayo, donde un tramo del muro perimetral y su baranda presentaban deterioro y requer\u00edan atenci\u00f3n prioritaria. Como medida preventiva para [&hellip;]<\/p>\n","protected":false},"author":17,"featured_media":27353,"comment_status":"open","ping_status":"open","sticky":false,"template":"","format":"standard","meta":{"content-type":"","footnotes":""},"categories":[165],"tags":[],"class_list":["post-27352","post","type-post","status-publish","format-standard","has-post-thumbnail","category-subalcaldias"],"_links":{"self":[{"href":"https:\/\/elalto.gob.bo\/noticias\/index.php?rest_route=\/wp\/v2\/posts\/27352","targetHints":{"allow":["GET"]}}],"collection":[{"href":"https:\/\/elalto.gob.bo\/noticias\/index.php?rest_route=\/wp\/v2\/posts"}],"about":[{"href":"https:\/\/elalto.gob.bo\/noticias\/index.php?rest_route=\/wp\/v2\/types\/post"}],"author":[{"embeddable":true,"href":"https:\/\/elalto.gob.bo\/noticias\/index.php?rest_route=\/wp\/v2\/users\/17"}],"replies":[{"embeddable":true,"href":"https:\/\/elalto.gob.bo\/noticias\/index.php?rest_route=%2Fwp%2Fv2%2Fcomments&post=27352"}],"version-history":[{"count":1,"href":"https:\/\/elalto.gob.bo\/noticias\/index.php?rest_route=\/wp\/v2\/posts\/27352\/revisions"}],"predecessor-version":[{"id":27354,"href":"https:\/\/elalto.gob.bo\/noticias\/index.php?rest_route=\/wp\/v2\/posts\/27352\/revisions\/27354"}],"wp:featuredmedia":[{"embeddable":true,"href":"https:\/\/elalto.gob.bo\/noticias\/index.php?rest_route=\/wp\/v2\/media\/27353"}],"wp:attachment":[{"href":"https:\/\/elalto.gob.bo\/noticias\/index.php?rest_route=%2Fwp%2Fv2%2Fmedia&parent=27352"}],"wp:term":[{"taxonomy":"category","embeddable":true,"href":"https:\/\/elalto.gob.bo\/noticias\/index.php?rest_route=%2Fwp%2Fv2%2Fcategories&post=27352"},{"taxonomy":"post_tag","embeddable":true,"href":"https:\/\/elalto.gob.bo\/noticias\/index.php?rest_route=%2Fwp%2Fv2%2Ftags&post=27352"}],"curies":[{"name":"wp","href":"https:\/\/api.w.org\/{rel}","templated":true}]}}