{"id":27355,"date":"2026-09-02T11:24:03","date_gmt":"2026-09-02T15:24:03","guid":{"rendered":"https:\/\/elalto.gob.bo\/noticias\/?p=27355"},"modified":"2026-09-02T11:24:09","modified_gmt":"2026-09-02T15:24:09","slug":"se-estudia-la-continuidad-de-la-construccion-del-mercado-villa-marcelina-en-el-distrito-3","status":"publish","type":"post","link":"https:\/\/elalto.gob.bo\/noticias\/?p=27355","title":{"rendered":"Se estudia la continuidad de la construcci\u00f3n del Mercado Villa Marcelina en el Distrito 3"},"content":{"rendered":"\n<p class=\"wp-block-paragraph\"><em>Prensa GAMEA\/Mar 01.09.26<\/em><\/p>\n\n\n\n<p class=\"wp-block-paragraph\">Con la finalidad de promover la atenci\u00f3n en trabajos de infraestructura, el municipio realiza un estudio t\u00e9cnico para la continuidad de la construcci\u00f3n del Mercado de Villa Marcelina del Distrito 3 de la ciudad de El Alto.<\/p>\n\n\n\n<p class=\"wp-block-paragraph\">Una comitiva t\u00e9cnica de la Unidad de Proyectos Municipales de la Secretaria de Infraestructura de la Alcald\u00eda, realiz\u00f3 una inspecci\u00f3n del lugar evidenciando el estado de situaci\u00f3n de la construcci\u00f3n paralizada desde hace aproximadamente 10 a\u00f1os. \u201cNosotros estamos retomando cuestiones que se han dejado de lado en las anteriores gestiones, viendo que no hubo atenci\u00f3n oportuna en su momento. Este mercado ha sido abandonado durante a\u00f1os de manera injustificada y nosotros estamos tratando de apoyar como Direcci\u00f3n de Proyectos Municipales en darles m\u00e1s de atenci\u00f3n a las necesidades del mercado\u201d se\u00f1al\u00f3 el Jefe de Unidad, Kevin Aranibar.<\/p>\n\n\n\n<p class=\"wp-block-paragraph\">Dijo que desde la gesti\u00f3n 2016 solo se avanz\u00f3 en un 40% la construcci\u00f3n, observando el deterioro en el que se encuentra lo realizado en infraestructura.<\/p>\n\n\n\n<p class=\"wp-block-paragraph\">Sin embargo, el representante municipal indic\u00f3 que se trabaja t\u00e9cnicamente en la elaboraci\u00f3n de un proyecto base que posibilite la continuidad de la construcci\u00f3n, \u201cnosotros m\u00e1s que todo estamos ac\u00e1 para corroborar las condiciones con las que se ha elaborado el proyecto en su momento y con las condiciones con las que se cuenta ahora; ya identificando algunas deficiencias, ver tambi\u00e9n y recomendar en el proyecto que se ha realizado en la direcci\u00f3n\u201d, manifest\u00f3.<\/p>\n\n\n\n<p class=\"wp-block-paragraph\">El Secretario General del mercado Villa Marcelina, Lu\u00eds Choquehuanca Villalobos, dijo que esta obra qued\u00f3 abandonada por problemas de desembolso presupuestario en pasadas gestiones y que la aspiraci\u00f3n de contar con un mercado modelo se posterg\u00f3 hasta la fecha.<\/p>\n\n\n\n<p class=\"wp-block-paragraph\">El dirigente se\u00f1al\u00f3 que la principal expectativa de las y los vendedores es contar con una infraestructura adecuada para desarrollar sus actividades laborales en la zona, \u201clo que nosotros queremos es que de una vez se concluya este mercado y as\u00ed estar mejor, no queremos que sufran nuestros afiliados en la lluvia, en el fr\u00edo\u201d afirm\u00f3 a tiempo de expresar su confianza ante el nuevo periodo de gesti\u00f3n municipal.<br>\/\/\/\/\/\/<\/p>\n\n\n\n<p class=\"wp-block-paragraph\"><\/p>\n\n\n\n<p class=\"wp-block-paragraph\"><br><\/p>\n\n\n\n<p class=\"wp-block-paragraph\"><\/p>\n\n\n\n<p class=\"wp-block-paragraph\"><br><\/p>\n","protected":false},"excerpt":{"rendered":"<p>Prensa GAMEA\/Mar 01.09.26 Con la finalidad de promover la atenci\u00f3n en trabajos de infraestructura, el municipio realiza un estudio t\u00e9cnico para la continuidad de la construcci\u00f3n del Mercado de Villa Marcelina del Distrito 3 de la ciudad de El Alto. Una comitiva t\u00e9cnica de la Unidad de Proyectos Municipales de la Secretaria de Infraestructura de [&hellip;]<\/p>\n","protected":false},"author":17,"featured_media":0,"comment_status":"open","ping_status":"open","sticky":false,"template":"","format":"standard","meta":{"content-type":"","footnotes":""},"categories":[165],"tags":[],"class_list":["post-27355","post","type-post","status-publish","format-standard","category-subalcaldias"],"_links":{"self":[{"href":"https:\/\/elalto.gob.bo\/noticias\/index.php?rest_route=\/wp\/v2\/posts\/27355","targetHints":{"allow":["GET"]}}],"collection":[{"href":"https:\/\/elalto.gob.bo\/noticias\/index.php?rest_route=\/wp\/v2\/posts"}],"about":[{"href":"https:\/\/elalto.gob.bo\/noticias\/index.php?rest_route=\/wp\/v2\/types\/post"}],"author":[{"embeddable":true,"href":"https:\/\/elalto.gob.bo\/noticias\/index.php?rest_route=\/wp\/v2\/users\/17"}],"replies":[{"embeddable":true,"href":"https:\/\/elalto.gob.bo\/noticias\/index.php?rest_route=%2Fwp%2Fv2%2Fcomments&post=27355"}],"version-history":[{"count":1,"href":"https:\/\/elalto.gob.bo\/noticias\/index.php?rest_route=\/wp\/v2\/posts\/27355\/revisions"}],"predecessor-version":[{"id":27356,"href":"https:\/\/elalto.gob.bo\/noticias\/index.php?rest_route=\/wp\/v2\/posts\/27355\/revisions\/27356"}],"wp:attachment":[{"href":"https:\/\/elalto.gob.bo\/noticias\/index.php?rest_route=%2Fwp%2Fv2%2Fmedia&parent=27355"}],"wp:term":[{"taxonomy":"category","embeddable":true,"href":"https:\/\/elalto.gob.bo\/noticias\/index.php?rest_route=%2Fwp%2Fv2%2Fcategories&post=27355"},{"taxonomy":"post_tag","embeddable":true,"href":"https:\/\/elalto.gob.bo\/noticias\/index.php?rest_route=%2Fwp%2Fv2%2Ftags&post=27355"}],"curies":[{"name":"wp","href":"https:\/\/api.w.org\/{rel}","templated":true}]}}