{"id":27357,"date":"2026-09-02T11:28:45","date_gmt":"2026-09-02T15:28:45","guid":{"rendered":"https:\/\/elalto.gob.bo\/noticias\/?p=27357"},"modified":"2026-09-02T11:28:51","modified_gmt":"2026-09-02T15:28:51","slug":"inicio-de-obra-de-pavimento-flexible-en-urbanizacion-14-de-septiembre","status":"publish","type":"post","link":"https:\/\/elalto.gob.bo\/noticias\/?p=27357","title":{"rendered":"Inicio de obra de pavimento flexible en urbanizaci\u00f3n 14 de septiembre"},"content":{"rendered":"\n<p class=\"wp-block-paragraph\"><em>Prensa GAMEA\/Mar 01.09.26<\/em><\/p>\n\n\n\n<p class=\"wp-block-paragraph\">Para brindar mejores condiciones y atenci\u00f3n a los vecinos, se dio inicio a la obra de construcci\u00f3n de pavimento flexible en la calle Coroico y Jun\u00edn de la zona 14 de Septiembre en el Distrito 8 de la ciudad de El Alto.<\/p>\n\n\n\n<p class=\"wp-block-paragraph\">Con la presencia de los representantes, vecinos de la zona y el equipo t\u00e9cnico, la subalcaldesa del Distrito 8, Encarnaci\u00f3n Mej\u00eda, dio por iniciada la obra que beneficiar\u00e1 principalmente a los estudiantes de las unidades educativas que se encuentran en el sector, como el colegio Avelino Si\u00f1ani.<\/p>\n\n\n\n<p class=\"wp-block-paragraph\">\u201cEsta obra responde a una necesidad de nuestros vecinos, como Subalcald\u00eda estamos realizando el seguimiento correspondiente para garantizar que los trabajos avancen de acuerdo con lo establecido y que esta infraestructura pueda beneficiar a toda la poblaci\u00f3n de la zona\u201d, se\u00f1al\u00f3 la autoridad.<\/p>\n\n\n\n<p class=\"wp-block-paragraph\">Destac\u00f3 el comienzo de la obra que una vez culminada permitir\u00e1 mejorar las condiciones de infraestructura y la calidad de vida de los vecinos, subrayando la labor coordinada con sus representantes.<\/p>\n\n\n\n<p class=\"wp-block-paragraph\">Por su parte, el supervisor de obra de la Subalcald\u00eda, Nestor Alanoca, explic\u00f3 los pormenores de la obra se\u00f1alando que el mismo cumple los aspectos t\u00e9cnicos previstos en el proyecto. \u201cTendremos 147 metros lineales y tenemos en carpeta asf\u00e1ltica 1.056,44 metros cuadrados de construcci\u00f3n, en ese sentido se est\u00e1 proyectando hacer esta calle y tambi\u00e9n un tramo m\u00e1s de la calle Jun\u00edn\u201d, dijo.<\/p>\n\n\n\n<p class=\"wp-block-paragraph\">De su lado los vecinos agradecieron la atenci\u00f3n brindada por el municipio reiterando la importancia del pavimento en la zona, \u201cpara nosotros, como vecinos, esta obra es muy importante porque durante mucho tiempo hemos esperado una soluci\u00f3n a esta necesidad., agradecemos a las autoridades por escuchar nuestro pedido y esperamos que los trabajos concluyan de manera satisfactoria\u201d, manifest\u00f3 el Presidente de la Urbanizaci\u00f3n, Nicasio Yujra Quispe.<br>\/\/\/\/\/<\/p>\n\n\n\n<p class=\"wp-block-paragraph\"><\/p>\n\n\n\n<p class=\"wp-block-paragraph\"><\/p>\n","protected":false},"excerpt":{"rendered":"<p>Prensa GAMEA\/Mar 01.09.26 Para brindar mejores condiciones y atenci\u00f3n a los vecinos, se dio inicio a la obra de construcci\u00f3n de pavimento flexible en la calle Coroico y Jun\u00edn de la zona 14 de Septiembre en el Distrito 8 de la ciudad de El Alto. Con la presencia de los representantes, vecinos de la zona [&hellip;]<\/p>\n","protected":false},"author":17,"featured_media":27358,"comment_status":"open","ping_status":"open","sticky":false,"template":"","format":"standard","meta":{"content-type":"","footnotes":""},"categories":[1],"tags":[],"class_list":["post-27357","post","type-post","status-publish","format-standard","has-post-thumbnail","category-sin-categoria"],"_links":{"self":[{"href":"https:\/\/elalto.gob.bo\/noticias\/index.php?rest_route=\/wp\/v2\/posts\/27357","targetHints":{"allow":["GET"]}}],"collection":[{"href":"https:\/\/elalto.gob.bo\/noticias\/index.php?rest_route=\/wp\/v2\/posts"}],"about":[{"href":"https:\/\/elalto.gob.bo\/noticias\/index.php?rest_route=\/wp\/v2\/types\/post"}],"author":[{"embeddable":true,"href":"https:\/\/elalto.gob.bo\/noticias\/index.php?rest_route=\/wp\/v2\/users\/17"}],"replies":[{"embeddable":true,"href":"https:\/\/elalto.gob.bo\/noticias\/index.php?rest_route=%2Fwp%2Fv2%2Fcomments&post=27357"}],"version-history":[{"count":1,"href":"https:\/\/elalto.gob.bo\/noticias\/index.php?rest_route=\/wp\/v2\/posts\/27357\/revisions"}],"predecessor-version":[{"id":27359,"href":"https:\/\/elalto.gob.bo\/noticias\/index.php?rest_route=\/wp\/v2\/posts\/27357\/revisions\/27359"}],"wp:featuredmedia":[{"embeddable":true,"href":"https:\/\/elalto.gob.bo\/noticias\/index.php?rest_route=\/wp\/v2\/media\/27358"}],"wp:attachment":[{"href":"https:\/\/elalto.gob.bo\/noticias\/index.php?rest_route=%2Fwp%2Fv2%2Fmedia&parent=27357"}],"wp:term":[{"taxonomy":"category","embeddable":true,"href":"https:\/\/elalto.gob.bo\/noticias\/index.php?rest_route=%2Fwp%2Fv2%2Fcategories&post=27357"},{"taxonomy":"post_tag","embeddable":true,"href":"https:\/\/elalto.gob.bo\/noticias\/index.php?rest_route=%2Fwp%2Fv2%2Ftags&post=27357"}],"curies":[{"name":"wp","href":"https:\/\/api.w.org\/{rel}","templated":true}]}}