{"id":27364,"date":"2026-09-02T13:45:20","date_gmt":"2026-09-02T17:45:20","guid":{"rendered":"https:\/\/elalto.gob.bo\/noticias\/?p=27364"},"modified":"2026-09-02T13:45:23","modified_gmt":"2026-09-02T17:45:23","slug":"deporte-y-diversion-marcaran-la-jornada-del-dia-del-peaton-en-el-alto","status":"publish","type":"post","link":"https:\/\/elalto.gob.bo\/noticias\/?p=27364","title":{"rendered":"Deporte y diversi\u00f3n marcar\u00e1n la jornada del D\u00eda del Peat\u00f3n en El Alto"},"content":{"rendered":"\n<p class=\"wp-block-paragraph\">PRENSA GAMEA\/ Mi\u00e9 02.09.2026<\/p>\n\n\n\n<p class=\"wp-block-paragraph\">La Terminal Metropolitana de El Alto fue escenario de una demostraci\u00f3n deportiva que anticip\u00f3 las actividades programadas para este domingo 6 de septiembre, D\u00eda del Peat\u00f3n y del Ciclista por la Defensa de la Madre Tierra, jornada que promover\u00e1 la actividad f\u00edsica, la convivencia familiar y el cuidado del medio ambiente.<\/p>\n\n\n\n<p class=\"wp-block-paragraph\">\u201cQueremos invitar a toda la poblaci\u00f3n alte\u00f1a este domingo, D\u00eda del Peat\u00f3n. Vamos a tener distintas actividades en el marco deportivo, vamos a estar presentes con nuestras escuelas municipales y entretenimiento, el tema de zumba, breakdance, skate y lucha libre. Ser\u00e1 una fiesta deportiva en la calle 2 y 3 de la avenida 6 de Marzo.<\/p>\n\n\n\n<p class=\"wp-block-paragraph\">Les invitamos a participar de la caravana cicl\u00edstica familiar que recorrer\u00e1 10 kil\u00f3metros; habr\u00e1 premios e incentivos\u201d, inform\u00f3 Luis Miguel Arellano, Director de Deportes de la Alcald\u00eda de El Alto.<\/p>\n\n\n\n<p class=\"wp-block-paragraph\">La autoridad destac\u00f3 que las actividades estar\u00e1n dirigidas a toda la familia y buscan incentivar la pr\u00e1ctica deportiva y el uso de espacios p\u00fablicos durante una jornada destinada a reducir la circulaci\u00f3n vehicular y promover h\u00e1bitos saludables.<\/p>\n\n\n\n<p class=\"wp-block-paragraph\">Las Escuelas Deportivas Municipales tendr\u00e1n una participaci\u00f3n activa con demostraciones y actividades recreativas, mientras que la caravana cicl\u00edstica familiar constituir\u00e1 en uno de los principales atractivos de la jornada.<\/p>\n\n\n\n<p class=\"wp-block-paragraph\">La Alcald\u00eda de El Alto invit\u00f3 a las familias alte\u00f1as a participar de esta celebraci\u00f3n deportiva y disfrutar de una jornada de integraci\u00f3n, actividad f\u00edsica y compromiso con la protecci\u00f3n de la Madre Tierra.<br>\/\/\/\/\/\/<\/p>\n","protected":false},"excerpt":{"rendered":"<p>PRENSA GAMEA\/ Mi\u00e9 02.09.2026 La Terminal Metropolitana de El Alto fue escenario de una demostraci\u00f3n deportiva que anticip\u00f3 las actividades programadas para este domingo 6 de septiembre, D\u00eda del Peat\u00f3n y del Ciclista por la Defensa de la Madre Tierra, jornada que promover\u00e1 la actividad f\u00edsica, la convivencia familiar y el cuidado del medio ambiente. [&hellip;]<\/p>\n","protected":false},"author":17,"featured_media":27365,"comment_status":"open","ping_status":"open","sticky":false,"template":"","format":"standard","meta":{"content-type":"","footnotes":""},"categories":[161],"tags":[],"class_list":["post-27364","post","type-post","status-publish","format-standard","has-post-thumbnail","category-actividades"],"_links":{"self":[{"href":"https:\/\/elalto.gob.bo\/noticias\/index.php?rest_route=\/wp\/v2\/posts\/27364","targetHints":{"allow":["GET"]}}],"collection":[{"href":"https:\/\/elalto.gob.bo\/noticias\/index.php?rest_route=\/wp\/v2\/posts"}],"about":[{"href":"https:\/\/elalto.gob.bo\/noticias\/index.php?rest_route=\/wp\/v2\/types\/post"}],"author":[{"embeddable":true,"href":"https:\/\/elalto.gob.bo\/noticias\/index.php?rest_route=\/wp\/v2\/users\/17"}],"replies":[{"embeddable":true,"href":"https:\/\/elalto.gob.bo\/noticias\/index.php?rest_route=%2Fwp%2Fv2%2Fcomments&post=27364"}],"version-history":[{"count":1,"href":"https:\/\/elalto.gob.bo\/noticias\/index.php?rest_route=\/wp\/v2\/posts\/27364\/revisions"}],"predecessor-version":[{"id":27366,"href":"https:\/\/elalto.gob.bo\/noticias\/index.php?rest_route=\/wp\/v2\/posts\/27364\/revisions\/27366"}],"wp:featuredmedia":[{"embeddable":true,"href":"https:\/\/elalto.gob.bo\/noticias\/index.php?rest_route=\/wp\/v2\/media\/27365"}],"wp:attachment":[{"href":"https:\/\/elalto.gob.bo\/noticias\/index.php?rest_route=%2Fwp%2Fv2%2Fmedia&parent=27364"}],"wp:term":[{"taxonomy":"category","embeddable":true,"href":"https:\/\/elalto.gob.bo\/noticias\/index.php?rest_route=%2Fwp%2Fv2%2Fcategories&post=27364"},{"taxonomy":"post_tag","embeddable":true,"href":"https:\/\/elalto.gob.bo\/noticias\/index.php?rest_route=%2Fwp%2Fv2%2Ftags&post=27364"}],"curies":[{"name":"wp","href":"https:\/\/api.w.org\/{rel}","templated":true}]}}