{"id":27367,"date":"2026-09-02T15:07:27","date_gmt":"2026-09-02T19:07:27","guid":{"rendered":"https:\/\/elalto.gob.bo\/noticias\/?p=27367"},"modified":"2026-09-02T15:07:30","modified_gmt":"2026-09-02T19:07:30","slug":"entrega-definitiva-del-parque-infantil-de-villa-juliana-beneficiara-a-familias-del-distrito-3","status":"publish","type":"post","link":"https:\/\/elalto.gob.bo\/noticias\/?p=27367","title":{"rendered":"Entrega definitiva del parque infantil de Villa Juliana beneficiar\u00e1 a familias del Distrito 3"},"content":{"rendered":"\n<p class=\"wp-block-paragraph\">PRENSA GAMEA \/ Mie 02.09.2026<\/p>\n\n\n\n<p class=\"wp-block-paragraph\">En medio de risas, ni\u00f1os jugando y el entusiasmo de toda la zona, la Subalcald\u00eda del Distrito 3 realiz\u00f3 la entrega definitiva del parque infantil Villa Juliana, una obra integral que beneficiar\u00e1 a cientos de familias y que demand\u00f3 una inversi\u00f3n superior a los Bs 263 mil.<\/p>\n\n\n\n<p class=\"wp-block-paragraph\">\u201cEl d\u00eda de hoy estamos haciendo la entrega de esta obra tan importante que ir\u00e1 en beneficio de todos los vecinos. El proyecto consiste en la construcci\u00f3n de este parque infantil que abarca m\u00e1s de 500 metros cuadrados; se han arborizado las \u00e1reas verdes, se han cambiado las baldosas y las bancas, adem\u00e1s de sus respectivas cubiertas\u201d, destac\u00f3 el Subalcalde del Distrito 3, Guillermo Mamani, durante el acto oficial.<\/p>\n\n\n\n<figure class=\"wp-block-image size-large\"><img loading=\"lazy\" loading=\"lazy\" decoding=\"async\" width=\"1024\" height=\"576\" src=\"https:\/\/elalto.gob.bo\/noticias\/wp-content\/uploads\/2026\/09\/WhatsApp-Image-2026-09-02-at-2.54.56-PM-1024x576.jpeg\" alt=\"\" class=\"wp-image-27368\" srcset=\"https:\/\/elalto.gob.bo\/noticias\/wp-content\/uploads\/2026\/09\/WhatsApp-Image-2026-09-02-at-2.54.56-PM-1024x576.jpeg 1024w, https:\/\/elalto.gob.bo\/noticias\/wp-content\/uploads\/2026\/09\/WhatsApp-Image-2026-09-02-at-2.54.56-PM-300x169.jpeg 300w, https:\/\/elalto.gob.bo\/noticias\/wp-content\/uploads\/2026\/09\/WhatsApp-Image-2026-09-02-at-2.54.56-PM-768x432.jpeg 768w, https:\/\/elalto.gob.bo\/noticias\/wp-content\/uploads\/2026\/09\/WhatsApp-Image-2026-09-02-at-2.54.56-PM-1536x864-1.jpeg 1536w, https:\/\/elalto.gob.bo\/noticias\/wp-content\/uploads\/2026\/09\/WhatsApp-Image-2026-09-02-at-2.54.56-PM-860x483.jpeg 860w, https:\/\/elalto.gob.bo\/noticias\/wp-content\/uploads\/2026\/09\/WhatsApp-Image-2026-09-02-at-2.54.56-PM.jpeg 1600w\" sizes=\"auto, (max-width: 1024px) 100vw, 1024px\" \/><\/figure>\n\n\n\n<p class=\"wp-block-paragraph\">La autoridad resalt\u00f3 adem\u00e1s que de esta manera se contin\u00faan llevando obras a cada urbanizaci\u00f3n del sector. Asimismo, se comprometi\u00f3 a dar seguimiento a las necesidades complementarias de la zona: \u201cHay un espacio resguardado todav\u00eda ac\u00e1, me dicen que es para los sanitarios, as\u00ed que vamos a impulsar y apoyar para que se lo haga\u201d, afirm\u00f3.<\/p>\n\n\n\n<figure class=\"wp-block-image size-large\"><img loading=\"lazy\" loading=\"lazy\" decoding=\"async\" width=\"1024\" height=\"576\" src=\"https:\/\/elalto.gob.bo\/noticias\/wp-content\/uploads\/2026\/09\/WhatsApp-Image-2026-09-02-at-2.54.53-PM-1024x576.jpeg\" alt=\"\" class=\"wp-image-27369\" srcset=\"https:\/\/elalto.gob.bo\/noticias\/wp-content\/uploads\/2026\/09\/WhatsApp-Image-2026-09-02-at-2.54.53-PM-1024x576.jpeg 1024w, https:\/\/elalto.gob.bo\/noticias\/wp-content\/uploads\/2026\/09\/WhatsApp-Image-2026-09-02-at-2.54.53-PM-300x169.jpeg 300w, https:\/\/elalto.gob.bo\/noticias\/wp-content\/uploads\/2026\/09\/WhatsApp-Image-2026-09-02-at-2.54.53-PM-768x432.jpeg 768w, https:\/\/elalto.gob.bo\/noticias\/wp-content\/uploads\/2026\/09\/WhatsApp-Image-2026-09-02-at-2.54.53-PM-1536x864-1.jpeg 1536w, https:\/\/elalto.gob.bo\/noticias\/wp-content\/uploads\/2026\/09\/WhatsApp-Image-2026-09-02-at-2.54.53-PM-860x483.jpeg 860w, https:\/\/elalto.gob.bo\/noticias\/wp-content\/uploads\/2026\/09\/WhatsApp-Image-2026-09-02-at-2.54.53-PM.jpeg 1600w\" sizes=\"auto, (max-width: 1024px) 100vw, 1024px\" \/><\/figure>\n\n\n\n<p class=\"wp-block-paragraph\">Por su parte, el presidente de la Urbanizaci\u00f3n Villa Juliana, H\u00e9ctor Vicente Mayta, expres\u00f3 su gratitud a nombre de los vecinos por ver concretado un anhelo de la comunidad. \u201cEste proyecto que ha llegado es gracias al trabajo de la directiva; nos falta mucho todav\u00eda y vamos a apoyar con todo lo necesario. Es un sue\u00f1o que hemos anhelado: hacer la continuaci\u00f3n del parquesito que tenemos para beneficio de los ni\u00f1os, j\u00f3venes y personas adultas tambi\u00e9n. Gracias a la Subalcald\u00eda y a la Alcald\u00eda por visitarnos y hacer la entrega de este espacio\u201d, concluy\u00f3 el dirigente vecinal.<br>\/\/\/\/\/\/\/<\/p>\n","protected":false},"excerpt":{"rendered":"<p>PRENSA GAMEA \/ Mie 02.09.2026 En medio de risas, ni\u00f1os jugando y el entusiasmo de toda la zona, la Subalcald\u00eda del Distrito 3 realiz\u00f3 la entrega definitiva del parque infantil Villa Juliana, una obra integral que beneficiar\u00e1 a cientos de familias y que demand\u00f3 una inversi\u00f3n superior a los Bs 263 mil. \u201cEl d\u00eda de [&hellip;]<\/p>\n","protected":false},"author":17,"featured_media":27370,"comment_status":"open","ping_status":"open","sticky":false,"template":"","format":"standard","meta":{"content-type":"","footnotes":""},"categories":[165],"tags":[],"class_list":["post-27367","post","type-post","status-publish","format-standard","has-post-thumbnail","category-subalcaldias"],"_links":{"self":[{"href":"https:\/\/elalto.gob.bo\/noticias\/index.php?rest_route=\/wp\/v2\/posts\/27367","targetHints":{"allow":["GET"]}}],"collection":[{"href":"https:\/\/elalto.gob.bo\/noticias\/index.php?rest_route=\/wp\/v2\/posts"}],"about":[{"href":"https:\/\/elalto.gob.bo\/noticias\/index.php?rest_route=\/wp\/v2\/types\/post"}],"author":[{"embeddable":true,"href":"https:\/\/elalto.gob.bo\/noticias\/index.php?rest_route=\/wp\/v2\/users\/17"}],"replies":[{"embeddable":true,"href":"https:\/\/elalto.gob.bo\/noticias\/index.php?rest_route=%2Fwp%2Fv2%2Fcomments&post=27367"}],"version-history":[{"count":1,"href":"https:\/\/elalto.gob.bo\/noticias\/index.php?rest_route=\/wp\/v2\/posts\/27367\/revisions"}],"predecessor-version":[{"id":27371,"href":"https:\/\/elalto.gob.bo\/noticias\/index.php?rest_route=\/wp\/v2\/posts\/27367\/revisions\/27371"}],"wp:featuredmedia":[{"embeddable":true,"href":"https:\/\/elalto.gob.bo\/noticias\/index.php?rest_route=\/wp\/v2\/media\/27370"}],"wp:attachment":[{"href":"https:\/\/elalto.gob.bo\/noticias\/index.php?rest_route=%2Fwp%2Fv2%2Fmedia&parent=27367"}],"wp:term":[{"taxonomy":"category","embeddable":true,"href":"https:\/\/elalto.gob.bo\/noticias\/index.php?rest_route=%2Fwp%2Fv2%2Fcategories&post=27367"},{"taxonomy":"post_tag","embeddable":true,"href":"https:\/\/elalto.gob.bo\/noticias\/index.php?rest_route=%2Fwp%2Fv2%2Ftags&post=27367"}],"curies":[{"name":"wp","href":"https:\/\/api.w.org\/{rel}","templated":true}]}}