{"id":27372,"date":"2026-09-02T15:26:41","date_gmt":"2026-09-02T19:26:41","guid":{"rendered":"https:\/\/elalto.gob.bo\/noticias\/?p=27372"},"modified":"2026-09-02T15:26:43","modified_gmt":"2026-09-02T19:26:43","slug":"gestion-social-abraza-a-7-menores-de-edad-que-se-quedaron-bajo-el-cuidado-de-su-abuela","status":"publish","type":"post","link":"https:\/\/elalto.gob.bo\/noticias\/?p=27372","title":{"rendered":"Gesti\u00f3n Social abraza a 7 menores de edad que se quedaron bajo el cuidado de su abuela"},"content":{"rendered":"\n<p class=\"wp-block-paragraph\">PRENSA GAMEA\/ Mie 02.09.2026<\/p>\n\n\n\n<p class=\"wp-block-paragraph\">Al igual que su abuelita, la Unidad de Gesti\u00f3n Social de la Alcald\u00eda abraz\u00f3 a 5 menores de edad que se quedaron solos, tras la desaparici\u00f3n de su madre en Sorata, por lo que les entreg\u00f3 v\u00edveres, una cama con colch\u00f3n, material escolar y art\u00edculos para vestir.<\/p>\n\n\n\n<p class=\"wp-block-paragraph\">\u00abHemos entregado ayuda a una familia que nos tiene muy consternados. Son siete hermanitos que se han quedado solos. No sabemos si su mam\u00e1 est\u00e1 viva o no, se est\u00e1 investigando su paradero\u201d, sostuvo la encargada de Gesti\u00f3n Social, Susana Rodr\u00edguez.<\/p>\n\n\n\n<figure class=\"wp-block-image size-large\"><img loading=\"lazy\" loading=\"lazy\" decoding=\"async\" width=\"1024\" height=\"682\" src=\"https:\/\/elalto.gob.bo\/noticias\/wp-content\/uploads\/2026\/09\/WhatsApp-Image-2026-09-02-at-3.18.17-PM-1024x682.jpeg\" alt=\"\" class=\"wp-image-27373\" srcset=\"https:\/\/elalto.gob.bo\/noticias\/wp-content\/uploads\/2026\/09\/WhatsApp-Image-2026-09-02-at-3.18.17-PM-1024x682.jpeg 1024w, https:\/\/elalto.gob.bo\/noticias\/wp-content\/uploads\/2026\/09\/WhatsApp-Image-2026-09-02-at-3.18.17-PM-767x511.jpeg 767w, https:\/\/elalto.gob.bo\/noticias\/wp-content\/uploads\/2026\/09\/WhatsApp-Image-2026-09-02-at-3.18.17-PM-300x200.jpeg 300w, https:\/\/elalto.gob.bo\/noticias\/wp-content\/uploads\/2026\/09\/WhatsApp-Image-2026-09-02-at-3.18.17-PM-1536x1023.jpeg 1536w, https:\/\/elalto.gob.bo\/noticias\/wp-content\/uploads\/2026\/09\/WhatsApp-Image-2026-09-02-at-3.18.17-PM-2048x1365.jpeg 2048w, https:\/\/elalto.gob.bo\/noticias\/wp-content\/uploads\/2026\/09\/WhatsApp-Image-2026-09-02-at-3.18.17-PM-615x410.jpeg 615w, https:\/\/elalto.gob.bo\/noticias\/wp-content\/uploads\/2026\/09\/WhatsApp-Image-2026-09-02-at-3.18.17-PM-330x220.jpeg 330w, https:\/\/elalto.gob.bo\/noticias\/wp-content\/uploads\/2026\/09\/WhatsApp-Image-2026-09-02-at-3.18.17-PM-420x280.jpeg 420w, https:\/\/elalto.gob.bo\/noticias\/wp-content\/uploads\/2026\/09\/WhatsApp-Image-2026-09-02-at-3.18.17-PM-860x573.jpeg 860w\" sizes=\"auto, (max-width: 1024px) 100vw, 1024px\" \/><\/figure>\n\n\n\n<p class=\"wp-block-paragraph\">Los ni\u00f1os no cuentan con una buena alimentaci\u00f3n, y en determinado momento se vieron desamparados, tras la desaparici\u00f3n de su madre, por lo que se quedaron tristes y al cuidado de su abuela, que tuvo que llegar del \u00e1rea rural para hacerse cargo de ellos, tras conocer que su hija no volvi\u00f3 a la casa con sus hijos.<\/p>\n\n\n\n<p class=\"wp-block-paragraph\">\u201cDesde la Unidad de Gesti\u00f3n Social estamos entregando v\u00edveres: arroz, fideo, aceite, todo lo necesario para esta familia que ahora est\u00e1 al cuidado de la abuelita. Vamos a hacer seguimiento a este caso y vamos a seguir apoyando\u201d, agreg\u00f3 Rodr\u00edguez.<\/p>\n\n\n\n<figure class=\"wp-block-image size-large\"><img loading=\"lazy\" loading=\"lazy\" decoding=\"async\" width=\"1024\" height=\"783\" src=\"https:\/\/elalto.gob.bo\/noticias\/wp-content\/uploads\/2026\/09\/WhatsApp-Image-2026-09-02-at-3.18.16-PM-1024x783.jpeg\" alt=\"\" class=\"wp-image-27376\" srcset=\"https:\/\/elalto.gob.bo\/noticias\/wp-content\/uploads\/2026\/09\/WhatsApp-Image-2026-09-02-at-3.18.16-PM-1024x783.jpeg 1024w, https:\/\/elalto.gob.bo\/noticias\/wp-content\/uploads\/2026\/09\/WhatsApp-Image-2026-09-02-at-3.18.16-PM-300x229.jpeg 300w, https:\/\/elalto.gob.bo\/noticias\/wp-content\/uploads\/2026\/09\/WhatsApp-Image-2026-09-02-at-3.18.16-PM-768x587.jpeg 768w, https:\/\/elalto.gob.bo\/noticias\/wp-content\/uploads\/2026\/09\/WhatsApp-Image-2026-09-02-at-3.18.16-PM-1536x1174-1.jpeg 1536w, https:\/\/elalto.gob.bo\/noticias\/wp-content\/uploads\/2026\/09\/WhatsApp-Image-2026-09-02-at-3.18.16-PM-2048x1566.jpeg 2048w, https:\/\/elalto.gob.bo\/noticias\/wp-content\/uploads\/2026\/09\/WhatsApp-Image-2026-09-02-at-3.18.16-PM-860x657.jpeg 860w\" sizes=\"auto, (max-width: 1024px) 100vw, 1024px\" \/><\/figure>\n\n\n\n<p class=\"wp-block-paragraph\">En fecha 24 de agosto los vecinos de la zona Modelo del Distrito 8 toman contacto con la Unidad de Gesti\u00f3n Social para informar sobre la desaparici\u00f3n de Eufracia Quispe Chipana, de 37 a\u00f1os de edad, quien el 25 de julio sali\u00f3 de su domicilio para trasladarse al municipio de Sorata. Desde la fecha mencionada, no retorno a su domicilio dejando en situaci\u00f3n de abandono a 7 menores de edad.<\/p>\n\n\n\n<p class=\"wp-block-paragraph\">D\u00edas despu\u00e9s, al no haber sido hallada y no saber nada de ella, la madre de Eufracia Quispe y abuela de los siete menores, Cristina Chipana de Quispe, lleg\u00f3 desde el \u00e1rea rural para hacerse cargo de sus nietos y proceder a sentar la denuncia sobre la desaparici\u00f3n de su hija.<\/p>\n\n\n\n<figure class=\"wp-block-image size-large\"><img loading=\"lazy\" loading=\"lazy\" decoding=\"async\" width=\"1024\" height=\"682\" src=\"https:\/\/elalto.gob.bo\/noticias\/wp-content\/uploads\/2026\/09\/WhatsApp-Image-2026-09-02-at-3.18.17-PM-1-1024x682.jpeg\" alt=\"\" class=\"wp-image-27375\" srcset=\"https:\/\/elalto.gob.bo\/noticias\/wp-content\/uploads\/2026\/09\/WhatsApp-Image-2026-09-02-at-3.18.17-PM-1-1024x682.jpeg 1024w, https:\/\/elalto.gob.bo\/noticias\/wp-content\/uploads\/2026\/09\/WhatsApp-Image-2026-09-02-at-3.18.17-PM-1-300x200.jpeg 300w, https:\/\/elalto.gob.bo\/noticias\/wp-content\/uploads\/2026\/09\/WhatsApp-Image-2026-09-02-at-3.18.17-PM-1-767x511.jpeg 767w, https:\/\/elalto.gob.bo\/noticias\/wp-content\/uploads\/2026\/09\/WhatsApp-Image-2026-09-02-at-3.18.17-PM-1-1536x1023.jpeg 1536w, https:\/\/elalto.gob.bo\/noticias\/wp-content\/uploads\/2026\/09\/WhatsApp-Image-2026-09-02-at-3.18.17-PM-1-2048x1365.jpeg 2048w, https:\/\/elalto.gob.bo\/noticias\/wp-content\/uploads\/2026\/09\/WhatsApp-Image-2026-09-02-at-3.18.17-PM-1-330x220.jpeg 330w, https:\/\/elalto.gob.bo\/noticias\/wp-content\/uploads\/2026\/09\/WhatsApp-Image-2026-09-02-at-3.18.17-PM-1-420x280.jpeg 420w, https:\/\/elalto.gob.bo\/noticias\/wp-content\/uploads\/2026\/09\/WhatsApp-Image-2026-09-02-at-3.18.17-PM-1-615x410.jpeg 615w, https:\/\/elalto.gob.bo\/noticias\/wp-content\/uploads\/2026\/09\/WhatsApp-Image-2026-09-02-at-3.18.17-PM-1-860x573.jpeg 860w\" sizes=\"auto, (max-width: 1024px) 100vw, 1024px\" \/><\/figure>\n\n\n\n<p class=\"wp-block-paragraph\">Con l\u00e1grimas de agradecimiento y de dolor profundo de una madre que no sabe sobre el paradero de su hija do\u00f1a Cristina agradeci\u00f3 al Alcalde, Eliser Roca y su esposa, Susana Rodr\u00edguez, por el apoyo brindado. .\u00bbMe ha ayudado por las guaguas, me ha ayudado por perder mi hija. Gracias Alcalde, Dios te va a bendecir\u00bb, expres\u00f3 conmovida.<\/p>\n\n\n\n<p class=\"wp-block-paragraph\">Desde la Alcald\u00eda informaron que adem\u00e1s de la ayuda inmediata, la Defensor\u00eda de la Ni\u00f1ez y Adolescencia ya asumi\u00f3 el caso y se asign\u00f3 un abogado gratuito para el acompa\u00f1amiento legal de la familia.<\/p>\n\n\n\n<p class=\"wp-block-paragraph\">El Gobierno Municipal reafirm\u00f3 su compromiso de continuar con el seguimiento al caso y brindar el apoyo necesario a las familias en situaci\u00f3n de vulnerabilidad. \u201cEste es el coraz\u00f3n de nuestra gesti\u00f3n, llegar a las familias vulnerables. Las puertas de la Unidad de Gesti\u00f3n Social est\u00e1n abiertas para ayudar con un granito m\u00e1s de arena, como nos ha encomendado nuestro Alcalde: acercarnos a nuestros hermanos donde m\u00e1s nos necesitan.\u00bb Concluy\u00f3 Rodr\u00edguez.<br>\/\/\/\/\/\/\/\/<\/p>\n","protected":false},"excerpt":{"rendered":"<p>PRENSA GAMEA\/ Mie 02.09.2026 Al igual que su abuelita, la Unidad de Gesti\u00f3n Social de la Alcald\u00eda abraz\u00f3 a 5 menores de edad que se quedaron solos, tras la desaparici\u00f3n de su madre en Sorata, por lo que les entreg\u00f3 v\u00edveres, una cama con colch\u00f3n, material escolar y art\u00edculos para vestir. \u00abHemos entregado ayuda a [&hellip;]<\/p>\n","protected":false},"author":17,"featured_media":27377,"comment_status":"open","ping_status":"open","sticky":false,"template":"","format":"standard","meta":{"content-type":"","footnotes":""},"categories":[164],"tags":[],"class_list":["post-27372","post","type-post","status-publish","format-standard","has-post-thumbnail","category-gestion-social"],"_links":{"self":[{"href":"https:\/\/elalto.gob.bo\/noticias\/index.php?rest_route=\/wp\/v2\/posts\/27372","targetHints":{"allow":["GET"]}}],"collection":[{"href":"https:\/\/elalto.gob.bo\/noticias\/index.php?rest_route=\/wp\/v2\/posts"}],"about":[{"href":"https:\/\/elalto.gob.bo\/noticias\/index.php?rest_route=\/wp\/v2\/types\/post"}],"author":[{"embeddable":true,"href":"https:\/\/elalto.gob.bo\/noticias\/index.php?rest_route=\/wp\/v2\/users\/17"}],"replies":[{"embeddable":true,"href":"https:\/\/elalto.gob.bo\/noticias\/index.php?rest_route=%2Fwp%2Fv2%2Fcomments&post=27372"}],"version-history":[{"count":1,"href":"https:\/\/elalto.gob.bo\/noticias\/index.php?rest_route=\/wp\/v2\/posts\/27372\/revisions"}],"predecessor-version":[{"id":27378,"href":"https:\/\/elalto.gob.bo\/noticias\/index.php?rest_route=\/wp\/v2\/posts\/27372\/revisions\/27378"}],"wp:featuredmedia":[{"embeddable":true,"href":"https:\/\/elalto.gob.bo\/noticias\/index.php?rest_route=\/wp\/v2\/media\/27377"}],"wp:attachment":[{"href":"https:\/\/elalto.gob.bo\/noticias\/index.php?rest_route=%2Fwp%2Fv2%2Fmedia&parent=27372"}],"wp:term":[{"taxonomy":"category","embeddable":true,"href":"https:\/\/elalto.gob.bo\/noticias\/index.php?rest_route=%2Fwp%2Fv2%2Fcategories&post=27372"},{"taxonomy":"post_tag","embeddable":true,"href":"https:\/\/elalto.gob.bo\/noticias\/index.php?rest_route=%2Fwp%2Fv2%2Ftags&post=27372"}],"curies":[{"name":"wp","href":"https:\/\/api.w.org\/{rel}","templated":true}]}}