{"id":27379,"date":"2026-09-02T15:33:23","date_gmt":"2026-09-02T19:33:23","guid":{"rendered":"https:\/\/elalto.gob.bo\/noticias\/?p=27379"},"modified":"2026-09-02T15:33:26","modified_gmt":"2026-09-02T19:33:26","slug":"inicia-la-construccion-del-parque-infantil-en-la-urbanizacion-villazon-del-d-2","status":"publish","type":"post","link":"https:\/\/elalto.gob.bo\/noticias\/?p=27379","title":{"rendered":"Inicia la construcci\u00f3n del parque infantil en la Urbanizaci\u00f3n Villaz\u00f3n del D-2"},"content":{"rendered":"\n<p class=\"wp-block-paragraph\">PRENSA GAMEA \/ Mie 02.09.2026<\/p>\n\n\n\n<p class=\"wp-block-paragraph\">Con mucha alegr\u00eda por parte de las familias de la zona, la Subalcald\u00eda del Distrito 2 comenz\u00f3 hoy los trabajos para construir un nuevo parque infantil en la Urbanizaci\u00f3n Villaz\u00f3n. Un terreno que estaba olvidado se convertir\u00e1, dentro de poco, en un lugar lleno de vida para que los ni\u00f1os jueguen y los abuelitos salgan a pasear.<\/p>\n\n\n\n<p class=\"wp-block-paragraph\">\u201cEstamos empezando con la construcci\u00f3n de este parque infantil en la Urbanizaci\u00f3n Villaz\u00f3n. Claro que los ni\u00f1os son el futuro de El Alto, pero nuestros adultos mayores tambi\u00e9n van a venir a este lugar a distraerse y hacer un poco de ejercicio. Este lugar estaba abandonado y ahora los vecinos van a poder disfrutarlo\u201d, coment\u00f3 la Subalcaldesa del Distrito 2, Irene Silva.<\/p>\n\n\n\n<p class=\"wp-block-paragraph\">Seg\u00fan los datos t\u00e9cnicos, la obra demandar\u00e1 un costo de m\u00e1s de Bs 204 mil y ser\u00e1 ejecutada en un plazo de 45 d\u00edas.<\/p>\n\n\n\n<figure class=\"wp-block-image size-large\"><img loading=\"lazy\" loading=\"lazy\" decoding=\"async\" width=\"1024\" height=\"576\" src=\"https:\/\/elalto.gob.bo\/noticias\/wp-content\/uploads\/2026\/09\/WhatsApp-Image-2026-09-02-at-3.23.11-PM-1024x576.jpeg\" alt=\"\" class=\"wp-image-27380\" srcset=\"https:\/\/elalto.gob.bo\/noticias\/wp-content\/uploads\/2026\/09\/WhatsApp-Image-2026-09-02-at-3.23.11-PM-1024x576.jpeg 1024w, https:\/\/elalto.gob.bo\/noticias\/wp-content\/uploads\/2026\/09\/WhatsApp-Image-2026-09-02-at-3.23.11-PM-300x169.jpeg 300w, https:\/\/elalto.gob.bo\/noticias\/wp-content\/uploads\/2026\/09\/WhatsApp-Image-2026-09-02-at-3.23.11-PM-767x431.jpeg 767w, https:\/\/elalto.gob.bo\/noticias\/wp-content\/uploads\/2026\/09\/WhatsApp-Image-2026-09-02-at-3.23.11-PM-1536x863.jpeg 1536w, https:\/\/elalto.gob.bo\/noticias\/wp-content\/uploads\/2026\/09\/WhatsApp-Image-2026-09-02-at-3.23.11-PM-860x483.jpeg 860w, https:\/\/elalto.gob.bo\/noticias\/wp-content\/uploads\/2026\/09\/WhatsApp-Image-2026-09-02-at-3.23.11-PM.jpeg 1599w\" sizes=\"auto, (max-width: 1024px) 100vw, 1024px\" \/><\/figure>\n\n\n\n<p class=\"wp-block-paragraph\">Por su parte, el Presidente de la junta vecinal de Villaz\u00f3n, Gilberto Mena Ayala, mostr\u00f3 su satisfacci\u00f3n por ver empezar esta obra tan esperada. \u201cHoy estamos comenzando con el parque que tanto quer\u00edamos desde hace tiempo. Como ven, tenemos plaza, pero no ten\u00edamos un lugarcito con juegos para que nuestros ni\u00f1os puedan divertirse. Agradecemos a nuestro Alcalde Eliser Roca y a nuestra Subalcaldesa por escuchar al barrio; hoy es una realidad y esperamos que est\u00e9 terminado en los 45 d\u00edas\u201d, se\u00f1al\u00f3.<\/p>\n\n\n\n<p class=\"wp-block-paragraph\">Este inicio de trabajos tambi\u00e9n cont\u00f3 con la presencia de Pedro Cadena Flores, Control Social del Distrito 2, quien se\u00f1al\u00f3 que se est\u00e1 haciendo el seguimiento continuo a los proyectos que se ejecutan en la zona: \u201cSe va haciendo un buen trabajo a la cabeza de nuestro Alcalde Eliser Roca\u201d, finaliz\u00f3.<br>\/\/\/\/\/\/\/\/<\/p>\n","protected":false},"excerpt":{"rendered":"<p>PRENSA GAMEA \/ Mie 02.09.2026 Con mucha alegr\u00eda por parte de las familias de la zona, la Subalcald\u00eda del Distrito 2 comenz\u00f3 hoy los trabajos para construir un nuevo parque infantil en la Urbanizaci\u00f3n Villaz\u00f3n. Un terreno que estaba olvidado se convertir\u00e1, dentro de poco, en un lugar lleno de vida para que los ni\u00f1os [&hellip;]<\/p>\n","protected":false},"author":17,"featured_media":27381,"comment_status":"open","ping_status":"open","sticky":false,"template":"","format":"standard","meta":{"content-type":"","footnotes":""},"categories":[165],"tags":[],"class_list":["post-27379","post","type-post","status-publish","format-standard","has-post-thumbnail","category-subalcaldias"],"_links":{"self":[{"href":"https:\/\/elalto.gob.bo\/noticias\/index.php?rest_route=\/wp\/v2\/posts\/27379","targetHints":{"allow":["GET"]}}],"collection":[{"href":"https:\/\/elalto.gob.bo\/noticias\/index.php?rest_route=\/wp\/v2\/posts"}],"about":[{"href":"https:\/\/elalto.gob.bo\/noticias\/index.php?rest_route=\/wp\/v2\/types\/post"}],"author":[{"embeddable":true,"href":"https:\/\/elalto.gob.bo\/noticias\/index.php?rest_route=\/wp\/v2\/users\/17"}],"replies":[{"embeddable":true,"href":"https:\/\/elalto.gob.bo\/noticias\/index.php?rest_route=%2Fwp%2Fv2%2Fcomments&post=27379"}],"version-history":[{"count":1,"href":"https:\/\/elalto.gob.bo\/noticias\/index.php?rest_route=\/wp\/v2\/posts\/27379\/revisions"}],"predecessor-version":[{"id":27382,"href":"https:\/\/elalto.gob.bo\/noticias\/index.php?rest_route=\/wp\/v2\/posts\/27379\/revisions\/27382"}],"wp:featuredmedia":[{"embeddable":true,"href":"https:\/\/elalto.gob.bo\/noticias\/index.php?rest_route=\/wp\/v2\/media\/27381"}],"wp:attachment":[{"href":"https:\/\/elalto.gob.bo\/noticias\/index.php?rest_route=%2Fwp%2Fv2%2Fmedia&parent=27379"}],"wp:term":[{"taxonomy":"category","embeddable":true,"href":"https:\/\/elalto.gob.bo\/noticias\/index.php?rest_route=%2Fwp%2Fv2%2Fcategories&post=27379"},{"taxonomy":"post_tag","embeddable":true,"href":"https:\/\/elalto.gob.bo\/noticias\/index.php?rest_route=%2Fwp%2Fv2%2Ftags&post=27379"}],"curies":[{"name":"wp","href":"https:\/\/api.w.org\/{rel}","templated":true}]}}