{"id":27383,"date":"2026-09-02T16:02:49","date_gmt":"2026-09-02T20:02:49","guid":{"rendered":"https:\/\/elalto.gob.bo\/noticias\/?p=27383"},"modified":"2026-09-02T16:02:52","modified_gmt":"2026-09-02T20:02:52","slug":"operativo-municipal-libera-espacio-publico-para-garantizar-el-paso-de-peatones-y-vehiculos-en-rio-seco","status":"publish","type":"post","link":"https:\/\/elalto.gob.bo\/noticias\/?p=27383","title":{"rendered":"Operativo Municipal libera espacio p\u00fablico para garantizar el paso de peatones y veh\u00edculos en R\u00edo Seco"},"content":{"rendered":"\n<p class=\"wp-block-paragraph\"><em>PRENSA GAMEA\/Mi\u00e9 02.09.2026<\/em><\/p>\n\n\n\n<p class=\"wp-block-paragraph\">Personal de la Guardia Municipal, la Intendencia y la Oficina Municipal de Defensa del Consumidor (OMDC) realiz\u00f3 un operativo de control en inmediaciones de la ex tranca de R\u00edo Seco y la avenida Juan Pablo II, en El Alto, donde se retir\u00f3 a comerciantes que ocupaban la calzada sin contar con autorizaci\u00f3n.<\/p>\n\n\n\n<p class=\"wp-block-paragraph\">Durante la intervenci\u00f3n, las autoridades verificaron los l\u00edmites establecidos para los puestos comerciales y constataron la presencia de vendedores que no contaban con documentaci\u00f3n legal de asentamiento, por lo que se procedi\u00f3 al despeje de los espacios ocupados indebidamente.<\/p>\n\n\n\n<figure class=\"wp-block-image size-large\"><img loading=\"lazy\" loading=\"lazy\" decoding=\"async\" width=\"1024\" height=\"576\" src=\"https:\/\/elalto.gob.bo\/noticias\/wp-content\/uploads\/2026\/09\/374093-1024x576.jpg\" alt=\"\" class=\"wp-image-27384\" srcset=\"https:\/\/elalto.gob.bo\/noticias\/wp-content\/uploads\/2026\/09\/374093-1024x576.jpg 1024w, https:\/\/elalto.gob.bo\/noticias\/wp-content\/uploads\/2026\/09\/374093-300x169.jpg 300w, https:\/\/elalto.gob.bo\/noticias\/wp-content\/uploads\/2026\/09\/374093-768x432.jpg 768w, https:\/\/elalto.gob.bo\/noticias\/wp-content\/uploads\/2026\/09\/374093-860x483.jpg 860w, https:\/\/elalto.gob.bo\/noticias\/wp-content\/uploads\/2026\/09\/374093.jpg 1280w\" sizes=\"auto, (max-width: 1024px) 100vw, 1024px\" \/><\/figure>\n\n\n\n<p class=\"wp-block-paragraph\">El operativo permiti\u00f3 liberar la v\u00eda p\u00fablica y recuperar el espacio destinado a la circulaci\u00f3n, con el objetivo de garantizar condiciones m\u00e1s seguras para peatones y conductores que transitan diariamente por este sector.<\/p>\n\n\n\n<p class=\"wp-block-paragraph\">Las instancias municipales anunciaron que continuar\u00e1n con los controles para evitar la ocupaci\u00f3n irregular de calles y aceras y garantizar el cumplimiento de las disposiciones municipales.<br>\/\/\/\/\/\/\/<\/p>\n","protected":false},"excerpt":{"rendered":"<p>PRENSA GAMEA\/Mi\u00e9 02.09.2026 Personal de la Guardia Municipal, la Intendencia y la Oficina Municipal de Defensa del Consumidor (OMDC) realiz\u00f3 un operativo de control en inmediaciones de la ex tranca de R\u00edo Seco y la avenida Juan Pablo II, en El Alto, donde se retir\u00f3 a comerciantes que ocupaban la calzada sin contar con autorizaci\u00f3n. [&hellip;]<\/p>\n","protected":false},"author":17,"featured_media":27385,"comment_status":"open","ping_status":"open","sticky":false,"template":"","format":"standard","meta":{"content-type":"","footnotes":""},"categories":[15],"tags":[],"class_list":["post-27383","post","type-post","status-publish","format-standard","has-post-thumbnail","category-gestion"],"_links":{"self":[{"href":"https:\/\/elalto.gob.bo\/noticias\/index.php?rest_route=\/wp\/v2\/posts\/27383","targetHints":{"allow":["GET"]}}],"collection":[{"href":"https:\/\/elalto.gob.bo\/noticias\/index.php?rest_route=\/wp\/v2\/posts"}],"about":[{"href":"https:\/\/elalto.gob.bo\/noticias\/index.php?rest_route=\/wp\/v2\/types\/post"}],"author":[{"embeddable":true,"href":"https:\/\/elalto.gob.bo\/noticias\/index.php?rest_route=\/wp\/v2\/users\/17"}],"replies":[{"embeddable":true,"href":"https:\/\/elalto.gob.bo\/noticias\/index.php?rest_route=%2Fwp%2Fv2%2Fcomments&post=27383"}],"version-history":[{"count":1,"href":"https:\/\/elalto.gob.bo\/noticias\/index.php?rest_route=\/wp\/v2\/posts\/27383\/revisions"}],"predecessor-version":[{"id":27386,"href":"https:\/\/elalto.gob.bo\/noticias\/index.php?rest_route=\/wp\/v2\/posts\/27383\/revisions\/27386"}],"wp:featuredmedia":[{"embeddable":true,"href":"https:\/\/elalto.gob.bo\/noticias\/index.php?rest_route=\/wp\/v2\/media\/27385"}],"wp:attachment":[{"href":"https:\/\/elalto.gob.bo\/noticias\/index.php?rest_route=%2Fwp%2Fv2%2Fmedia&parent=27383"}],"wp:term":[{"taxonomy":"category","embeddable":true,"href":"https:\/\/elalto.gob.bo\/noticias\/index.php?rest_route=%2Fwp%2Fv2%2Fcategories&post=27383"},{"taxonomy":"post_tag","embeddable":true,"href":"https:\/\/elalto.gob.bo\/noticias\/index.php?rest_route=%2Fwp%2Fv2%2Ftags&post=27383"}],"curies":[{"name":"wp","href":"https:\/\/api.w.org\/{rel}","templated":true}]}}