{"id":27387,"date":"2026-09-02T18:29:48","date_gmt":"2026-09-02T22:29:48","guid":{"rendered":"https:\/\/elalto.gob.bo\/noticias\/?p=27387"},"modified":"2026-09-02T18:29:50","modified_gmt":"2026-09-02T22:29:50","slug":"manos-altenas-transforman-su-talento-en-emprendimientos-con-la-reinauguracion-del-snack-cru-crujiente","status":"publish","type":"post","link":"https:\/\/elalto.gob.bo\/noticias\/?p=27387","title":{"rendered":"Manos alte\u00f1as transforman su talento en emprendimientos con la reinauguraci\u00f3n del Snack \u201cCru Crujiente\u00bb"},"content":{"rendered":"\n<p class=\"wp-block-paragraph\"><em>PRENSA GAMEA\/ Mi\u00e9 02.09.2026<\/em><\/p>\n\n\n\n<p class=\"wp-block-paragraph\">La Alcald\u00eda de El Alto reabrir\u00e1 el Snack \u201cCru Crujiente\u201d, un espacio que re\u00fane el talento de mujeres emprendedoras y personas con discapacidad, el evento se realizar\u00e1 el s\u00e1bado 5 de septiembre, en la zona Villa Exaltaci\u00f3n D-1 a partir de las 9 de la ma\u00f1ana.<\/p>\n\n\n\n<p class=\"wp-block-paragraph\">\u201cEl objetivo no solo capacitar a mujeres o personas con discapacidad sino brindar espacios de emprendimiento para que oferten sus productos<br>en \u00e1reas de reposter\u00eda y gastronom\u00eda\u201d se\u00f1al\u00f3, Israel Fern\u00e1ndez, Secretario Municipal de Desarrollo Humano.<\/p>\n\n\n\n<p class=\"wp-block-paragraph\">Fern\u00e1ndez explic\u00f3 que el espacio estar\u00e1 habilitado para las mujeres emprendedoras de la Unidad de la Mujer y para personas con discapacidad que tambi\u00e9n fueron capacitadas y desarrollaron habilidades en estos oficios.<\/p>\n\n\n\n<p class=\"wp-block-paragraph\">Los productos ser\u00e1n comercializados a precios accesibles y elaborados por manos alte\u00f1as. Detr\u00e1s de cada producto existe una historia de esfuerzo y superaci\u00f3n de mujeres emprendedoras y personas con discapacidad que buscan generar ingresos y salir adelante inform\u00f3, Maritza Condori Jefa de la Unidad de la Mujer.<\/p>\n\n\n\n<p class=\"wp-block-paragraph\">\u00abLa actividad se desarrollar\u00e1 desde las 09:00 y, a partir del lunes 7 de septiembre, la atenci\u00f3n ser\u00e1 de lunes a viernes, de 09:00 a 16:00, en el espacio de Cru Crujiente\u00bb, dijo Condori.<\/p>\n\n\n\n<p class=\"wp-block-paragraph\">Por su parte, Gregorio Condori, Director de Desarrollo Integral del GAMEA, destac\u00f3 el proceso de capacitaci\u00f3n desarrollado por la Unidad de Atenci\u00f3n a las Personas con Discapacidad.<\/p>\n\n\n\n<p class=\"wp-block-paragraph\">\u201cDesde la Unidad de Atenci\u00f3n a las Personas con Discapacidad hemos ido capacitando a emprendedoras y personas con discapacidad intelectual, f\u00edsica y visual. Ahora toca una fase importante, que es la reapertura de dos snacks, uno ubicados en la avenida C\u00edvica. Invitamos a las personas a que vengan a degustar los productos\u201d, finaliz\u00f3<br>\/\/\/\/\/<\/p>\n","protected":false},"excerpt":{"rendered":"<p>PRENSA GAMEA\/ Mi\u00e9 02.09.2026 La Alcald\u00eda de El Alto reabrir\u00e1 el Snack \u201cCru Crujiente\u201d, un espacio que re\u00fane el talento de mujeres emprendedoras y personas con discapacidad, el evento se realizar\u00e1 el s\u00e1bado 5 de septiembre, en la zona Villa Exaltaci\u00f3n D-1 a partir de las 9 de la ma\u00f1ana. \u201cEl objetivo no solo capacitar [&hellip;]<\/p>\n","protected":false},"author":17,"featured_media":27388,"comment_status":"open","ping_status":"open","sticky":false,"template":"","format":"standard","meta":{"content-type":"","footnotes":""},"categories":[51],"tags":[],"class_list":["post-27387","post","type-post","status-publish","format-standard","has-post-thumbnail","category-economia"],"_links":{"self":[{"href":"https:\/\/elalto.gob.bo\/noticias\/index.php?rest_route=\/wp\/v2\/posts\/27387","targetHints":{"allow":["GET"]}}],"collection":[{"href":"https:\/\/elalto.gob.bo\/noticias\/index.php?rest_route=\/wp\/v2\/posts"}],"about":[{"href":"https:\/\/elalto.gob.bo\/noticias\/index.php?rest_route=\/wp\/v2\/types\/post"}],"author":[{"embeddable":true,"href":"https:\/\/elalto.gob.bo\/noticias\/index.php?rest_route=\/wp\/v2\/users\/17"}],"replies":[{"embeddable":true,"href":"https:\/\/elalto.gob.bo\/noticias\/index.php?rest_route=%2Fwp%2Fv2%2Fcomments&post=27387"}],"version-history":[{"count":1,"href":"https:\/\/elalto.gob.bo\/noticias\/index.php?rest_route=\/wp\/v2\/posts\/27387\/revisions"}],"predecessor-version":[{"id":27389,"href":"https:\/\/elalto.gob.bo\/noticias\/index.php?rest_route=\/wp\/v2\/posts\/27387\/revisions\/27389"}],"wp:featuredmedia":[{"embeddable":true,"href":"https:\/\/elalto.gob.bo\/noticias\/index.php?rest_route=\/wp\/v2\/media\/27388"}],"wp:attachment":[{"href":"https:\/\/elalto.gob.bo\/noticias\/index.php?rest_route=%2Fwp%2Fv2%2Fmedia&parent=27387"}],"wp:term":[{"taxonomy":"category","embeddable":true,"href":"https:\/\/elalto.gob.bo\/noticias\/index.php?rest_route=%2Fwp%2Fv2%2Fcategories&post=27387"},{"taxonomy":"post_tag","embeddable":true,"href":"https:\/\/elalto.gob.bo\/noticias\/index.php?rest_route=%2Fwp%2Fv2%2Ftags&post=27387"}],"curies":[{"name":"wp","href":"https:\/\/api.w.org\/{rel}","templated":true}]}}