{"id":27393,"date":"2026-09-02T18:40:19","date_gmt":"2026-09-02T22:40:19","guid":{"rendered":"https:\/\/elalto.gob.bo\/noticias\/?p=27393"},"modified":"2026-09-02T18:40:22","modified_gmt":"2026-09-02T22:40:22","slug":"avanza-trabajo-comunal-para-mejorar-la-avenida-topater-en-el-distrito-3","status":"publish","type":"post","link":"https:\/\/elalto.gob.bo\/noticias\/?p=27393","title":{"rendered":"Avanza trabajo comunal para mejorar la avenida Topater en el Distrito 3"},"content":{"rendered":"\n<p class=\"wp-block-paragraph\"><em>PRENSA GAMEA \/ Mie 02.09.2026<\/em><\/p>\n\n\n\n<p class=\"wp-block-paragraph\">Con el despliegue de maquinaria pesada y una activa participaci\u00f3n vecinal, la Subalcald\u00eda del Distrito 3, junto a vecinos del Barrio del Periodista y comerciantes de la Asociaci\u00f3n 21 de Mayo, cumpli\u00f3 la segunda jornada de trabajo conjunto para el bacheo con loseta en la avenida Topater. La obra dejar\u00e1 atr\u00e1s el barro y los charcos que por a\u00f1os afectaron el tr\u00e1nsito en la zona.<\/p>\n\n\n\n<p class=\"wp-block-paragraph\">Los trabajos prev\u00e9n abarcar cerca de 1.000 metros cuadrados de bacheo hasta conectar con la avenida Julio C\u00e9sar Valdez, garantizando una v\u00eda segura y duradera al tratarse de un acceso troncal.<\/p>\n\n\n\n<figure class=\"wp-block-image size-large\"><img loading=\"lazy\" loading=\"lazy\" decoding=\"async\" width=\"1024\" height=\"575\" src=\"https:\/\/elalto.gob.bo\/noticias\/wp-content\/uploads\/2026\/09\/374337-1024x575.jpg\" alt=\"\" class=\"wp-image-27395\" srcset=\"https:\/\/elalto.gob.bo\/noticias\/wp-content\/uploads\/2026\/09\/374337-1024x575.jpg 1024w, https:\/\/elalto.gob.bo\/noticias\/wp-content\/uploads\/2026\/09\/374337-300x169.jpg 300w, https:\/\/elalto.gob.bo\/noticias\/wp-content\/uploads\/2026\/09\/374337-767x431.jpg 767w, https:\/\/elalto.gob.bo\/noticias\/wp-content\/uploads\/2026\/09\/374337-1536x863-1.jpg 1536w, https:\/\/elalto.gob.bo\/noticias\/wp-content\/uploads\/2026\/09\/374337-2048x1151.jpg 2048w, https:\/\/elalto.gob.bo\/noticias\/wp-content\/uploads\/2026\/09\/374337-860x483.jpg 860w\" sizes=\"auto, (max-width: 1024px) 100vw, 1024px\" \/><\/figure>\n\n\n\n<p class=\"wp-block-paragraph\">\u201cEstamos trabajando en el mejoramiento de v\u00edas. En esta ocasi\u00f3n nos encontramos en el Barrio del Periodista, precisamente en la avenida Topater, una v\u00eda de alto tr\u00e1fico que estaba muy deteriorada y donde hoy cumplimos el segundo d\u00eda de trabajo. Para ello hemos desplegado la maquinaria pesada de la Subalcald\u00eda y gestionado el apoyo de la Direcci\u00f3n de Obras Municipales con m\u00e1s equipo y losetas, que hoy estamos colocando con la ayuda de los vecinos\u201d, destac\u00f3 el Subalcalde del Distrito 3, Guillermo Mamani.<\/p>\n\n\n\n<p class=\"wp-block-paragraph\">Debido a que el sector sufre un constante desgaste por las aguas pluviales que bajan de las partes altas, las obras responden a una necesidad urgente del barrio. Al respecto, el representante del Control Social del Distrito 3, Sixto Quispe, se\u00f1al\u00f3: \u201cFelicito a nuestro Subalcalde y al Alcalde Eliser Roca Tancara. Estamos trabajando unidos para mejorar la avenida con el bacheo, ya que en \u00e9poca de lluvias el agua deteriora mucho la v\u00eda. Este esfuerzo va en directo beneficio de las familias\u201d.<\/p>\n\n\n\n<figure class=\"wp-block-image size-large\"><img loading=\"lazy\" loading=\"lazy\" decoding=\"async\" width=\"1024\" height=\"768\" src=\"https:\/\/elalto.gob.bo\/noticias\/wp-content\/uploads\/2026\/09\/374288-1024x768.jpg\" alt=\"\" class=\"wp-image-27396\" srcset=\"https:\/\/elalto.gob.bo\/noticias\/wp-content\/uploads\/2026\/09\/374288-1024x768.jpg 1024w, https:\/\/elalto.gob.bo\/noticias\/wp-content\/uploads\/2026\/09\/374288-300x225.jpg 300w, https:\/\/elalto.gob.bo\/noticias\/wp-content\/uploads\/2026\/09\/374288-768x576.jpg 768w, https:\/\/elalto.gob.bo\/noticias\/wp-content\/uploads\/2026\/09\/374288-1536x1152-1.jpg 1536w, https:\/\/elalto.gob.bo\/noticias\/wp-content\/uploads\/2026\/09\/374288-860x645.jpg 860w, https:\/\/elalto.gob.bo\/noticias\/wp-content\/uploads\/2026\/09\/374288.jpg 1600w\" sizes=\"auto, (max-width: 1024px) 100vw, 1024px\" \/><\/figure>\n\n\n\n<p class=\"wp-block-paragraph\">Finalmente, el Presidente del Barrio del Periodista, Timoteo Mamani, junto a las vendedoras de la Asociaci\u00f3n 21 de Mayo, resaltaron la respuesta de las autoridades municipales. \u201cAgradecemos al alcalde Eliser Roca y a nuestro subalcalde por esta cobertura de obra, as\u00ed como a los secretarios por facilitar la maquinaria pesada. Es un gran trabajo coordinado entre vecinos y municipio\u201d, concluy\u00f3 el dirigente.<br>\/\/\/\/\/<\/p>\n","protected":false},"excerpt":{"rendered":"<p>PRENSA GAMEA \/ Mie 02.09.2026 Con el despliegue de maquinaria pesada y una activa participaci\u00f3n vecinal, la Subalcald\u00eda del Distrito 3, junto a vecinos del Barrio del Periodista y comerciantes de la Asociaci\u00f3n 21 de Mayo, cumpli\u00f3 la segunda jornada de trabajo conjunto para el bacheo con loseta en la avenida Topater. La obra dejar\u00e1 [&hellip;]<\/p>\n","protected":false},"author":17,"featured_media":27394,"comment_status":"open","ping_status":"open","sticky":false,"template":"","format":"standard","meta":{"content-type":"","footnotes":""},"categories":[165],"tags":[],"class_list":["post-27393","post","type-post","status-publish","format-standard","has-post-thumbnail","category-subalcaldias"],"_links":{"self":[{"href":"https:\/\/elalto.gob.bo\/noticias\/index.php?rest_route=\/wp\/v2\/posts\/27393","targetHints":{"allow":["GET"]}}],"collection":[{"href":"https:\/\/elalto.gob.bo\/noticias\/index.php?rest_route=\/wp\/v2\/posts"}],"about":[{"href":"https:\/\/elalto.gob.bo\/noticias\/index.php?rest_route=\/wp\/v2\/types\/post"}],"author":[{"embeddable":true,"href":"https:\/\/elalto.gob.bo\/noticias\/index.php?rest_route=\/wp\/v2\/users\/17"}],"replies":[{"embeddable":true,"href":"https:\/\/elalto.gob.bo\/noticias\/index.php?rest_route=%2Fwp%2Fv2%2Fcomments&post=27393"}],"version-history":[{"count":1,"href":"https:\/\/elalto.gob.bo\/noticias\/index.php?rest_route=\/wp\/v2\/posts\/27393\/revisions"}],"predecessor-version":[{"id":27397,"href":"https:\/\/elalto.gob.bo\/noticias\/index.php?rest_route=\/wp\/v2\/posts\/27393\/revisions\/27397"}],"wp:featuredmedia":[{"embeddable":true,"href":"https:\/\/elalto.gob.bo\/noticias\/index.php?rest_route=\/wp\/v2\/media\/27394"}],"wp:attachment":[{"href":"https:\/\/elalto.gob.bo\/noticias\/index.php?rest_route=%2Fwp%2Fv2%2Fmedia&parent=27393"}],"wp:term":[{"taxonomy":"category","embeddable":true,"href":"https:\/\/elalto.gob.bo\/noticias\/index.php?rest_route=%2Fwp%2Fv2%2Fcategories&post=27393"},{"taxonomy":"post_tag","embeddable":true,"href":"https:\/\/elalto.gob.bo\/noticias\/index.php?rest_route=%2Fwp%2Fv2%2Ftags&post=27393"}],"curies":[{"name":"wp","href":"https:\/\/api.w.org\/{rel}","templated":true}]}}