{"id":27398,"date":"2026-09-02T18:49:42","date_gmt":"2026-09-02T22:49:42","guid":{"rendered":"https:\/\/elalto.gob.bo\/noticias\/?p=27398"},"modified":"2026-09-02T18:49:46","modified_gmt":"2026-09-02T22:49:46","slug":"proyecto-de-ley-busca-frenar-la-venta-de-armas-blancas-en-via-publica","status":"publish","type":"post","link":"https:\/\/elalto.gob.bo\/noticias\/?p=27398","title":{"rendered":"Proyecto de ley busca frenar la venta de armas blancas en v\u00eda p\u00fablica"},"content":{"rendered":"\n<p class=\"wp-block-paragraph\"><em>PRENSA GAMEA\/ Mi\u00e9 02.09.2026<\/em><\/p>\n\n\n\n<p class=\"wp-block-paragraph\">La Alcald\u00eda de El Alto impulsa un proyecto de Ley Municipal que busca frenar la venta callejera de armas blancas y objetos peligrosos, como pu\u00f1ales, manoplas, chacos y bates, especialmente en inmediaciones de Unidades Educativas, con el prop\u00f3sito de prevenir hechos violentos y fortalecer la seguridad de la poblaci\u00f3n, inform\u00f3 el Secretario Municipal de Seguridad Ciudadana, Elio Pacheco.<\/p>\n\n\n\n<p class=\"wp-block-paragraph\">La propuesta fue una iniciativa planteada desde el inicio de la gesti\u00f3n del Alcalde Eliser Roca, luego de identificar que este tipo de elementos son comercializados libremente en distintos sectores de la ciudad, incluso en inmediaciones de Unidades Educativas.<\/p>\n\n\n\n<p class=\"wp-block-paragraph\">\u201cEsta ley ha sido una iniciativa de la nueva gesti\u00f3n a la cabeza del Alcalde Eliser Roca, cuando asum\u00ed como Secretario Municipal de Seguridad Ciudadana, he detectado que la venta de armas blancas es de venta libre, y realmente es algo alarmante. Por eso hemos proyectado esta norma\u201d, se\u00f1al\u00f3.<\/p>\n\n\n\n<p class=\"wp-block-paragraph\">Explic\u00f3 que el proyecto fue presentado en memoria de Brandon Lee, joven que perdi\u00f3 la vida tras ser apu\u00f1alado en inmediaciones de La Ceja de El Alto. La norma tiene como finalidad establecer mecanismos que permitan a las autoridades municipales realizar decomisos y evitar la comercializaci\u00f3n de estos objetos en v\u00eda p\u00fablica.<\/p>\n\n\n\n<p class=\"wp-block-paragraph\">\u201cQueremos que, a partir de su aprobaci\u00f3n, las autoridades municipales podamos realizar los decomisos y que ya no se vendan estos elementos. Incluso en puertas de colegios se comercializan armas blancas y manoplas, lo que genera preocupaci\u00f3n\u201d, sostuvo.<\/p>\n\n\n\n<p class=\"wp-block-paragraph\">El proyecto de ley fue remitido hace aproximadamente tres meses al Concejo Municipal de El Alto y actualmente contin\u00faa su proceso de an\u00e1lisis y consulta ante las instancias correspondientes.<\/p>\n\n\n\n<p class=\"wp-block-paragraph\">La autoridad se\u00f1al\u00f3 que se respeta el procedimiento legislativo y las consultas que se realizan ante la Asamblea Legislativa, al considerar que el objetivo principal es lograr la aprobaci\u00f3n de la norma para fortalecer las acciones preventivas y generar mayores condiciones de seguridad para la poblaci\u00f3n alte\u00f1a. \u201cLo importante es que se apruebe para que tengamos una ciudad m\u00e1s segura\u201d, concluy\u00f3.<br>\/\/\/\/\/\/\/<\/p>\n\n\n\n<p class=\"wp-block-paragraph\"><\/p>\n","protected":false},"excerpt":{"rendered":"<p>PRENSA GAMEA\/ Mi\u00e9 02.09.2026 La Alcald\u00eda de El Alto impulsa un proyecto de Ley Municipal que busca frenar la venta callejera de armas blancas y objetos peligrosos, como pu\u00f1ales, manoplas, chacos y bates, especialmente en inmediaciones de Unidades Educativas, con el prop\u00f3sito de prevenir hechos violentos y fortalecer la seguridad de la poblaci\u00f3n, inform\u00f3 el [&hellip;]<\/p>\n","protected":false},"author":17,"featured_media":27399,"comment_status":"open","ping_status":"open","sticky":false,"template":"","format":"standard","meta":{"content-type":"","footnotes":""},"categories":[162],"tags":[],"class_list":["post-27398","post","type-post","status-publish","format-standard","has-post-thumbnail","category-seguridad"],"_links":{"self":[{"href":"https:\/\/elalto.gob.bo\/noticias\/index.php?rest_route=\/wp\/v2\/posts\/27398","targetHints":{"allow":["GET"]}}],"collection":[{"href":"https:\/\/elalto.gob.bo\/noticias\/index.php?rest_route=\/wp\/v2\/posts"}],"about":[{"href":"https:\/\/elalto.gob.bo\/noticias\/index.php?rest_route=\/wp\/v2\/types\/post"}],"author":[{"embeddable":true,"href":"https:\/\/elalto.gob.bo\/noticias\/index.php?rest_route=\/wp\/v2\/users\/17"}],"replies":[{"embeddable":true,"href":"https:\/\/elalto.gob.bo\/noticias\/index.php?rest_route=%2Fwp%2Fv2%2Fcomments&post=27398"}],"version-history":[{"count":1,"href":"https:\/\/elalto.gob.bo\/noticias\/index.php?rest_route=\/wp\/v2\/posts\/27398\/revisions"}],"predecessor-version":[{"id":27400,"href":"https:\/\/elalto.gob.bo\/noticias\/index.php?rest_route=\/wp\/v2\/posts\/27398\/revisions\/27400"}],"wp:featuredmedia":[{"embeddable":true,"href":"https:\/\/elalto.gob.bo\/noticias\/index.php?rest_route=\/wp\/v2\/media\/27399"}],"wp:attachment":[{"href":"https:\/\/elalto.gob.bo\/noticias\/index.php?rest_route=%2Fwp%2Fv2%2Fmedia&parent=27398"}],"wp:term":[{"taxonomy":"category","embeddable":true,"href":"https:\/\/elalto.gob.bo\/noticias\/index.php?rest_route=%2Fwp%2Fv2%2Fcategories&post=27398"},{"taxonomy":"post_tag","embeddable":true,"href":"https:\/\/elalto.gob.bo\/noticias\/index.php?rest_route=%2Fwp%2Fv2%2Ftags&post=27398"}],"curies":[{"name":"wp","href":"https:\/\/api.w.org\/{rel}","templated":true}]}}