{"id":27401,"date":"2026-09-02T20:43:08","date_gmt":"2026-09-03T00:43:08","guid":{"rendered":"https:\/\/elalto.gob.bo\/noticias\/?p=27401"},"modified":"2026-09-02T20:43:11","modified_gmt":"2026-09-03T00:43:11","slug":"entregan-enlosetado-de-la-avenida-panoramica-industrial-del-distrito-1","status":"publish","type":"post","link":"https:\/\/elalto.gob.bo\/noticias\/?p=27401","title":{"rendered":"Entregan enlosetado de la avenida Panor\u00e1mica Industrial del Distrito 1"},"content":{"rendered":"\n<p class=\"wp-block-paragraph\"><em>Prensa GAMEA\/Mie 02.09.26<\/em><\/p>\n\n\n\n<p class=\"wp-block-paragraph\">Dando cumplimiento a la planificaci\u00f3n de gesti\u00f3n institucional, la Subalcald\u00eda del Distrito 1 entreg\u00f3 la obra del enlosetado de la venida Panor\u00e1mica Industrial Central Rosaspampa Segunda Fase del Distrito 1 de la ciudad de El alto.<\/p>\n\n\n\n<p class=\"wp-block-paragraph\">Esta obra tuvo una inversi\u00f3n de Bs. 349.994,26 en un periodo de ejecuci\u00f3n de 30 d\u00edas calendario y un \u00e1rea de intervenci\u00f3n de 1.329,83 metros cuadrados. En criterio de la Subalcaldesa del Distrito 1 esta obra beneficiar\u00e1 a toda la zona, principalmente a los ni\u00f1os y j\u00f3venes estudiantes de las Unidades Educativas pr\u00f3ximos a esta avenida.<\/p>\n\n\n\n<p class=\"wp-block-paragraph\">Manifest\u00f3 que esta obra fue cumplida t\u00e9cnicamente en su construcci\u00f3n y que se encuentra en condiciones adecuada para su utilizaci\u00f3n para el tr\u00e1fico vehicular y tr\u00e1nsito de las personas, \u201cnosotros estamos fiscalizando y tambi\u00e9n corroborando de que esta obra no tenga deficiencias y que sea en beneficio de nuestra querida poblaci\u00f3n\u201d, afirm\u00f3 la Subalcaldesa del distrito Nadir Palombo.<\/p>\n\n\n\n<p class=\"wp-block-paragraph\">Acot\u00f3 que tambi\u00e9n se trabaja en el proyecto, para darle continuidad a esta avenida en una tercera fase con la finalidad de avanzar con la atenci\u00f3n a este sector del distrito.<br>\/\/\/\/\/\/<\/p>\n","protected":false},"excerpt":{"rendered":"<p>Prensa GAMEA\/Mie 02.09.26 Dando cumplimiento a la planificaci\u00f3n de gesti\u00f3n institucional, la Subalcald\u00eda del Distrito 1 entreg\u00f3 la obra del enlosetado de la venida Panor\u00e1mica Industrial Central Rosaspampa Segunda Fase del Distrito 1 de la ciudad de El alto. Esta obra tuvo una inversi\u00f3n de Bs. 349.994,26 en un periodo de ejecuci\u00f3n de 30 d\u00edas [&hellip;]<\/p>\n","protected":false},"author":17,"featured_media":27402,"comment_status":"open","ping_status":"open","sticky":false,"template":"","format":"standard","meta":{"content-type":"","footnotes":""},"categories":[165],"tags":[],"class_list":["post-27401","post","type-post","status-publish","format-standard","has-post-thumbnail","category-subalcaldias"],"_links":{"self":[{"href":"https:\/\/elalto.gob.bo\/noticias\/index.php?rest_route=\/wp\/v2\/posts\/27401","targetHints":{"allow":["GET"]}}],"collection":[{"href":"https:\/\/elalto.gob.bo\/noticias\/index.php?rest_route=\/wp\/v2\/posts"}],"about":[{"href":"https:\/\/elalto.gob.bo\/noticias\/index.php?rest_route=\/wp\/v2\/types\/post"}],"author":[{"embeddable":true,"href":"https:\/\/elalto.gob.bo\/noticias\/index.php?rest_route=\/wp\/v2\/users\/17"}],"replies":[{"embeddable":true,"href":"https:\/\/elalto.gob.bo\/noticias\/index.php?rest_route=%2Fwp%2Fv2%2Fcomments&post=27401"}],"version-history":[{"count":1,"href":"https:\/\/elalto.gob.bo\/noticias\/index.php?rest_route=\/wp\/v2\/posts\/27401\/revisions"}],"predecessor-version":[{"id":27403,"href":"https:\/\/elalto.gob.bo\/noticias\/index.php?rest_route=\/wp\/v2\/posts\/27401\/revisions\/27403"}],"wp:featuredmedia":[{"embeddable":true,"href":"https:\/\/elalto.gob.bo\/noticias\/index.php?rest_route=\/wp\/v2\/media\/27402"}],"wp:attachment":[{"href":"https:\/\/elalto.gob.bo\/noticias\/index.php?rest_route=%2Fwp%2Fv2%2Fmedia&parent=27401"}],"wp:term":[{"taxonomy":"category","embeddable":true,"href":"https:\/\/elalto.gob.bo\/noticias\/index.php?rest_route=%2Fwp%2Fv2%2Fcategories&post=27401"},{"taxonomy":"post_tag","embeddable":true,"href":"https:\/\/elalto.gob.bo\/noticias\/index.php?rest_route=%2Fwp%2Fv2%2Ftags&post=27401"}],"curies":[{"name":"wp","href":"https:\/\/api.w.org\/{rel}","templated":true}]}}