{"id":27405,"date":"2026-09-03T08:49:33","date_gmt":"2026-09-03T12:49:33","guid":{"rendered":"https:\/\/elalto.gob.bo\/noticias\/?p=27405"},"modified":"2026-09-03T08:52:04","modified_gmt":"2026-09-03T12:52:04","slug":"terminal-metropolitana-el-alto-reprogramara-su-horario-de-atencion-este-domingo-por-el-dia-del-peaton","status":"publish","type":"post","link":"https:\/\/elalto.gob.bo\/noticias\/?p=27405","title":{"rendered":"Terminal Metropolitana El Alto reprogramar\u00e1 su horario de atenci\u00f3n este domingo por el D\u00eda del Peat\u00f3n"},"content":{"rendered":"\n<p class=\"wp-block-paragraph\"><em>PRENSA GAMEA\/ Jue 03.09.2026<\/em><\/p>\n\n\n\n<p class=\"wp-block-paragraph\">La Terminal Metropolitana El Alto informa que las operaciones de servicio para el domingo 6 de septiembre iniciar\u00e1n entre las 04:00 y las 08:00 de la ma\u00f1ana. Posteriormente, de 08:00 a 17:00 , se suspender\u00e1 la atenci\u00f3n y se realizar\u00e1 el cierre de puertas, en cumplimiento de la restricci\u00f3n vehicular vigente. A partir de las 17:00, las actividades se retomar\u00e1n de manera progresiva hasta la medianoche.<\/p>\n\n\n\n<figure class=\"wp-block-image size-large\"><img loading=\"lazy\" loading=\"lazy\" decoding=\"async\" width=\"1024\" height=\"684\" src=\"https:\/\/elalto.gob.bo\/noticias\/wp-content\/uploads\/2026\/09\/IMG-20260820-WA01661-1024x684.jpg\" alt=\"\" class=\"wp-image-27406\" srcset=\"https:\/\/elalto.gob.bo\/noticias\/wp-content\/uploads\/2026\/09\/IMG-20260820-WA01661-1024x684.jpg 1024w, https:\/\/elalto.gob.bo\/noticias\/wp-content\/uploads\/2026\/09\/IMG-20260820-WA01661-300x200.jpg 300w, https:\/\/elalto.gob.bo\/noticias\/wp-content\/uploads\/2026\/09\/IMG-20260820-WA01661-767x512.jpg 767w, https:\/\/elalto.gob.bo\/noticias\/wp-content\/uploads\/2026\/09\/IMG-20260820-WA01661-330x220.jpg 330w, https:\/\/elalto.gob.bo\/noticias\/wp-content\/uploads\/2026\/09\/IMG-20260820-WA01661-615x410.jpg 615w, https:\/\/elalto.gob.bo\/noticias\/wp-content\/uploads\/2026\/09\/IMG-20260820-WA01661-420x280.jpg 420w, https:\/\/elalto.gob.bo\/noticias\/wp-content\/uploads\/2026\/09\/IMG-20260820-WA01661-1536x1025-1.jpg 1536w, https:\/\/elalto.gob.bo\/noticias\/wp-content\/uploads\/2026\/09\/IMG-20260820-WA01661-860x574.jpg 860w, https:\/\/elalto.gob.bo\/noticias\/wp-content\/uploads\/2026\/09\/IMG-20260820-WA01661.jpg 1600w\" sizes=\"auto, (max-width: 1024px) 100vw, 1024px\" \/><\/figure>\n\n\n\n<p class=\"wp-block-paragraph\">Ante esta modificaci\u00f3n, la Terminal Metropolitana El Alto recomienda a los usuarios tomar las previsiones necesarias y reprogramar sus viajes con anticipaci\u00f3n, con el objetivo de evitar contratiempos durante la jornada del domingo.<\/p>\n\n\n\n<p class=\"wp-block-paragraph\">Est\u00e1 modificaci\u00f3n se da debido a la jornada del \u201cD\u00eda Nacional del Peat\u00f3n y del Ciclista en Defensa de la Madre Tierra\u201d, establecida mediante la Ley N.\u00ba 150, de 11 de julio de 2011.<\/p>\n\n\n\n<p class=\"wp-block-paragraph\">En cumplimiento de esta normativa, que dispone la restricci\u00f3n de la circulaci\u00f3n vehicular a nivel nacional durante esa jornada, las operaciones de la Terminal Metropolitana se desarrollar\u00e1n de manera escalonada.<\/p>\n\n\n\n<p class=\"wp-block-paragraph\">La instituci\u00f3n reiter\u00f3 su compromiso con el cumplimiento de la normativa vigente y con la seguridad y bienestar de las personas usuarias.<br>\/\/\/<\/p>\n\n\n\n<p class=\"wp-block-paragraph\"><\/p>\n","protected":false},"excerpt":{"rendered":"<p>PRENSA GAMEA\/ Jue 03.09.2026 La Terminal Metropolitana El Alto informa que las operaciones de servicio para el domingo 6 de septiembre iniciar\u00e1n entre las 04:00 y las 08:00 de la ma\u00f1ana. Posteriormente, de 08:00 a 17:00 , se suspender\u00e1 la atenci\u00f3n y se realizar\u00e1 el cierre de puertas, en cumplimiento de la restricci\u00f3n vehicular vigente. [&hellip;]<\/p>\n","protected":false},"author":17,"featured_media":27408,"comment_status":"open","ping_status":"open","sticky":false,"template":"","format":"standard","meta":{"content-type":"","footnotes":""},"categories":[1,2643],"tags":[],"class_list":["post-27405","post","type-post","status-publish","format-standard","has-post-thumbnail","category-sin-categoria","category-trameaje"],"_links":{"self":[{"href":"https:\/\/elalto.gob.bo\/noticias\/index.php?rest_route=\/wp\/v2\/posts\/27405","targetHints":{"allow":["GET"]}}],"collection":[{"href":"https:\/\/elalto.gob.bo\/noticias\/index.php?rest_route=\/wp\/v2\/posts"}],"about":[{"href":"https:\/\/elalto.gob.bo\/noticias\/index.php?rest_route=\/wp\/v2\/types\/post"}],"author":[{"embeddable":true,"href":"https:\/\/elalto.gob.bo\/noticias\/index.php?rest_route=\/wp\/v2\/users\/17"}],"replies":[{"embeddable":true,"href":"https:\/\/elalto.gob.bo\/noticias\/index.php?rest_route=%2Fwp%2Fv2%2Fcomments&post=27405"}],"version-history":[{"count":1,"href":"https:\/\/elalto.gob.bo\/noticias\/index.php?rest_route=\/wp\/v2\/posts\/27405\/revisions"}],"predecessor-version":[{"id":27407,"href":"https:\/\/elalto.gob.bo\/noticias\/index.php?rest_route=\/wp\/v2\/posts\/27405\/revisions\/27407"}],"wp:featuredmedia":[{"embeddable":true,"href":"https:\/\/elalto.gob.bo\/noticias\/index.php?rest_route=\/wp\/v2\/media\/27408"}],"wp:attachment":[{"href":"https:\/\/elalto.gob.bo\/noticias\/index.php?rest_route=%2Fwp%2Fv2%2Fmedia&parent=27405"}],"wp:term":[{"taxonomy":"category","embeddable":true,"href":"https:\/\/elalto.gob.bo\/noticias\/index.php?rest_route=%2Fwp%2Fv2%2Fcategories&post=27405"},{"taxonomy":"post_tag","embeddable":true,"href":"https:\/\/elalto.gob.bo\/noticias\/index.php?rest_route=%2Fwp%2Fv2%2Ftags&post=27405"}],"curies":[{"name":"wp","href":"https:\/\/api.w.org\/{rel}","templated":true}]}}