{"id":27409,"date":"2026-09-03T08:58:01","date_gmt":"2026-09-03T12:58:01","guid":{"rendered":"https:\/\/elalto.gob.bo\/noticias\/?p=27409"},"modified":"2026-09-03T08:58:04","modified_gmt":"2026-09-03T12:58:04","slug":"se-preve-trabajos-de-la-empresa-delapaz-en-construccion-de-pavimento-rigido-en-av-adrian-castillo","status":"publish","type":"post","link":"https:\/\/elalto.gob.bo\/noticias\/?p=27409","title":{"rendered":"Se prev\u00e9 trabajos de la empresa DELAPAZ en construcci\u00f3n de pavimento r\u00edgido en Av. Adri\u00e1n Castillo"},"content":{"rendered":"\n<p class=\"wp-block-paragraph\"><em>Prensa GAMEA\/Jue 03.09.26<\/em><\/p>\n\n\n\n<p class=\"wp-block-paragraph\">Con el prop\u00f3sito de tomar previsiones, se coordina con la Distribuidora de Electricidad La Paz (DELAPAZ) para los trabajos del sistema el\u00e9ctrico en el \u00e1rea de construcci\u00f3n del pavimento r\u00edgido en la avenida Adri\u00e1n Castillo de la zona de Alto Lima primera, segunda y tercera secci\u00f3n, del Distrito 6 de la ciudad de El Alto.<\/p>\n\n\n\n<p class=\"wp-block-paragraph\">El fiscal de obras encargado de esta construcci\u00f3n, Diego Molina Torres, inform\u00f3 que se tiene previsto una reuni\u00f3n y recorrido t\u00e9cnico conjunto con personal de DELAPAZ, adem\u00e1s de las \u00e1reas de fiscalizaci\u00f3n, supervisi\u00f3n y la empresa contratista, con el objetivo de identificar posibles interferencias con postes, conexiones subterr\u00e1neas y otras instalaciones el\u00e9ctricas existentes en el lugar de intervenci\u00f3n.<\/p>\n\n\n\n<p class=\"wp-block-paragraph\">Asever\u00f3 que la finalidad es tomar recaudos de cualquier eventualidad o posible riesgo de afectaci\u00f3n del sistema el\u00e9ctrico durante la construcci\u00f3n de la obra. \u201cReci\u00e9n se va a hacer el recorrido de toda la obra, proyecto, y se va a ver qu\u00e9 postes podr\u00edan llegarse a afectar o si tal vez se tienen conexiones subterr\u00e1neas\u201d, se\u00f1al\u00f3 el representante de la Direcci\u00f3n de Fiscalizaci\u00f3n de Obras del municipio.<\/p>\n\n\n\n<p class=\"wp-block-paragraph\">Este responsable t\u00e9cnico record\u00f3 que anteriormente se present\u00f3 un incidente menor relacionado con conexiones subterr\u00e1neas de luminarias, situaci\u00f3n que fue enmendada mediante la coordinaci\u00f3n con la Subalcald\u00eda.<\/p>\n\n\n\n<p class=\"wp-block-paragraph\">Tambi\u00e9n dijo que con la Empresa P\u00fablica Social de Agua y Saneamiento (EPSAS) en base a la coordinaci\u00f3n plasmada recientemente se realizan las tareas t\u00e9cnicas en el \u00e1rea circundante con la construcci\u00f3n.<br>\/\/\/\/\/\/\/<\/p>\n\n\n\n<p class=\"wp-block-paragraph\"><\/p>\n\n\n\n<p class=\"wp-block-paragraph\"><\/p>\n\n\n\n<p class=\"wp-block-paragraph\"><\/p>\n","protected":false},"excerpt":{"rendered":"<p>Prensa GAMEA\/Jue 03.09.26 Con el prop\u00f3sito de tomar previsiones, se coordina con la Distribuidora de Electricidad La Paz (DELAPAZ) para los trabajos del sistema el\u00e9ctrico en el \u00e1rea de construcci\u00f3n del pavimento r\u00edgido en la avenida Adri\u00e1n Castillo de la zona de Alto Lima primera, segunda y tercera secci\u00f3n, del Distrito 6 de la ciudad [&hellip;]<\/p>\n","protected":false},"author":17,"featured_media":27410,"comment_status":"open","ping_status":"open","sticky":false,"template":"","format":"standard","meta":{"content-type":"","footnotes":""},"categories":[165],"tags":[],"class_list":["post-27409","post","type-post","status-publish","format-standard","has-post-thumbnail","category-subalcaldias"],"_links":{"self":[{"href":"https:\/\/elalto.gob.bo\/noticias\/index.php?rest_route=\/wp\/v2\/posts\/27409","targetHints":{"allow":["GET"]}}],"collection":[{"href":"https:\/\/elalto.gob.bo\/noticias\/index.php?rest_route=\/wp\/v2\/posts"}],"about":[{"href":"https:\/\/elalto.gob.bo\/noticias\/index.php?rest_route=\/wp\/v2\/types\/post"}],"author":[{"embeddable":true,"href":"https:\/\/elalto.gob.bo\/noticias\/index.php?rest_route=\/wp\/v2\/users\/17"}],"replies":[{"embeddable":true,"href":"https:\/\/elalto.gob.bo\/noticias\/index.php?rest_route=%2Fwp%2Fv2%2Fcomments&post=27409"}],"version-history":[{"count":1,"href":"https:\/\/elalto.gob.bo\/noticias\/index.php?rest_route=\/wp\/v2\/posts\/27409\/revisions"}],"predecessor-version":[{"id":27411,"href":"https:\/\/elalto.gob.bo\/noticias\/index.php?rest_route=\/wp\/v2\/posts\/27409\/revisions\/27411"}],"wp:featuredmedia":[{"embeddable":true,"href":"https:\/\/elalto.gob.bo\/noticias\/index.php?rest_route=\/wp\/v2\/media\/27410"}],"wp:attachment":[{"href":"https:\/\/elalto.gob.bo\/noticias\/index.php?rest_route=%2Fwp%2Fv2%2Fmedia&parent=27409"}],"wp:term":[{"taxonomy":"category","embeddable":true,"href":"https:\/\/elalto.gob.bo\/noticias\/index.php?rest_route=%2Fwp%2Fv2%2Fcategories&post=27409"},{"taxonomy":"post_tag","embeddable":true,"href":"https:\/\/elalto.gob.bo\/noticias\/index.php?rest_route=%2Fwp%2Fv2%2Ftags&post=27409"}],"curies":[{"name":"wp","href":"https:\/\/api.w.org\/{rel}","templated":true}]}}