{"id":27412,"date":"2026-09-03T09:17:46","date_gmt":"2026-09-03T13:17:46","guid":{"rendered":"https:\/\/elalto.gob.bo\/noticias\/?p=27412"},"modified":"2026-09-03T09:26:46","modified_gmt":"2026-09-03T13:26:46","slug":"control-de-trameaje-es-permanente-en-puntos-estrategicos-de-la-ciudad","status":"publish","type":"post","link":"https:\/\/elalto.gob.bo\/noticias\/?p=27412","title":{"rendered":"Control de trameaje es permanente en puntos estrat\u00e9gicos de la ciudad"},"content":{"rendered":"\n<p class=\"wp-block-paragraph\"><em>Prensa GAMEA\/Jue 03.09.26<\/em><\/p>\n\n\n\n<p class=\"wp-block-paragraph\">Efectivos de la Guardia Municipal de Transporte realizan el control de trameaje y ordenan el tr\u00e1fico vehicular de manera sostenida en diversos sectores estrat\u00e9gicos de la ciudad de El Alto.<\/p>\n\n\n\n<p class=\"wp-block-paragraph\">En el punto de Cruce Villa Adela, uno de los lugares identificados como conflictivos en horas de mayor flujo vehicular, la Guardia Municipal trabaja para hacer cumplir las rutas establecidas de las l\u00edneas de servicio.<\/p>\n\n\n\n<p class=\"wp-block-paragraph\">Uno de los efectivos, Hern\u00e1n Condori, dijo que esta labor requiere de esfuerzo diario pero que hacen cumplir la norma vigente \u00abes cansador, pero todo sea por el municipio para que no haya trameaje, para que contin\u00fae el control que se est\u00e1 haciendo aqu\u00ed\u201d, dijo.<\/p>\n\n\n\n<p class=\"wp-block-paragraph\">Se\u00f1al\u00f3 que el problema se presenta principalmente en las l\u00edneas que dan servicio hacia el sector de Tilata y San Mart\u00edn, cuyos veh\u00edculos, conforne explic\u00f3, solo llegan hasta el Cruce Villa Adela y posteriormente retornan hacia la Ceja, sin completar su recorrido o su destino normal.<\/p>\n\n\n\n<p class=\"wp-block-paragraph\">Tambi\u00e9n la Guardia Municipal de Transporte, Daisy Trujillo, manifest\u00f3 que los operativos se desarrollan principalmente durante las horas pico, entre las 17:00 y las 20:00, periodo en el que se registra una mayor situaci\u00f3n de trameaje.<\/p>\n\n\n\n<p class=\"wp-block-paragraph\">\u201cUn poco cansador, pesado, pero nada imposible\u201d, dijo la Guardia Municipal. Acot\u00f3 que los controles se realizan mediante operativos sorpresa en lugares donde se requiere mayor atenci\u00f3n.<br>\/\/\/\/\/<\/p>\n\n\n\n<p class=\"wp-block-paragraph\"><\/p>\n\n\n\n<p class=\"wp-block-paragraph\"><\/p>\n\n\n\n<p class=\"wp-block-paragraph\"><\/p>\n\n\n\n<p class=\"wp-block-paragraph\"><\/p>\n\n\n\n<p class=\"wp-block-paragraph\"><\/p>\n","protected":false},"excerpt":{"rendered":"<p>Prensa GAMEA\/Jue 03.09.26 Efectivos de la Guardia Municipal de Transporte realizan el control de trameaje y ordenan el tr\u00e1fico vehicular de manera sostenida en diversos sectores estrat\u00e9gicos de la ciudad de El Alto. En el punto de Cruce Villa Adela, uno de los lugares identificados como conflictivos en horas de mayor flujo vehicular, la Guardia [&hellip;]<\/p>\n","protected":false},"author":17,"featured_media":27413,"comment_status":"open","ping_status":"open","sticky":false,"template":"","format":"standard","meta":{"content-type":"","footnotes":""},"categories":[1,2643],"tags":[],"class_list":["post-27412","post","type-post","status-publish","format-standard","has-post-thumbnail","category-sin-categoria","category-trameaje"],"_links":{"self":[{"href":"https:\/\/elalto.gob.bo\/noticias\/index.php?rest_route=\/wp\/v2\/posts\/27412","targetHints":{"allow":["GET"]}}],"collection":[{"href":"https:\/\/elalto.gob.bo\/noticias\/index.php?rest_route=\/wp\/v2\/posts"}],"about":[{"href":"https:\/\/elalto.gob.bo\/noticias\/index.php?rest_route=\/wp\/v2\/types\/post"}],"author":[{"embeddable":true,"href":"https:\/\/elalto.gob.bo\/noticias\/index.php?rest_route=\/wp\/v2\/users\/17"}],"replies":[{"embeddable":true,"href":"https:\/\/elalto.gob.bo\/noticias\/index.php?rest_route=%2Fwp%2Fv2%2Fcomments&post=27412"}],"version-history":[{"count":1,"href":"https:\/\/elalto.gob.bo\/noticias\/index.php?rest_route=\/wp\/v2\/posts\/27412\/revisions"}],"predecessor-version":[{"id":27414,"href":"https:\/\/elalto.gob.bo\/noticias\/index.php?rest_route=\/wp\/v2\/posts\/27412\/revisions\/27414"}],"wp:featuredmedia":[{"embeddable":true,"href":"https:\/\/elalto.gob.bo\/noticias\/index.php?rest_route=\/wp\/v2\/media\/27413"}],"wp:attachment":[{"href":"https:\/\/elalto.gob.bo\/noticias\/index.php?rest_route=%2Fwp%2Fv2%2Fmedia&parent=27412"}],"wp:term":[{"taxonomy":"category","embeddable":true,"href":"https:\/\/elalto.gob.bo\/noticias\/index.php?rest_route=%2Fwp%2Fv2%2Fcategories&post=27412"},{"taxonomy":"post_tag","embeddable":true,"href":"https:\/\/elalto.gob.bo\/noticias\/index.php?rest_route=%2Fwp%2Fv2%2Ftags&post=27412"}],"curies":[{"name":"wp","href":"https:\/\/api.w.org\/{rel}","templated":true}]}}