{"id":27415,"date":"2026-09-03T13:40:16","date_gmt":"2026-09-03T17:40:16","guid":{"rendered":"https:\/\/elalto.gob.bo\/noticias\/?p=27415"},"modified":"2026-09-03T13:40:20","modified_gmt":"2026-09-03T17:40:20","slug":"alcaldia-mejora-calles-avenidas-y-areas-verdes-en-la-urbanizacion-san-felix","status":"publish","type":"post","link":"https:\/\/elalto.gob.bo\/noticias\/?p=27415","title":{"rendered":"Alcald\u00eda mejora calles, avenidas y \u00e1reas verdes en la urbanizaci\u00f3n San F\u00e9lix"},"content":{"rendered":"\n<p class=\"wp-block-paragraph\"><em>PRENSA GAMEA\/ Jue 03.09.2026<\/em><\/p>\n\n\n\n<p class=\"wp-block-paragraph\">La Subalcald\u00eda del Distrito 7 realiz\u00f3 trabajos de perfilado y nivelaci\u00f3n en calles y avenidas, adem\u00e1s de intervenir \u00e1reas verdes de la Urbanizaci\u00f3n San F\u00e9lix, utilizando maquinaria pesada para mejorar las condiciones del terreno, facilitar la circulaci\u00f3n vehicular y peatonal y recuperar espacios de uso comunitario para los vecinos.<\/p>\n\n\n\n<p class=\"wp-block-paragraph\">Los trabajos se realizaron por instrucci\u00f3n del Alcalde Municipal Eliser Roca Tancara y bajo la coordinaci\u00f3n del Subalcalde del Distrito 7, Edgar Condori Limachi, como parte de las acciones de mejoramiento urbano que se desarrollan en diferentes sectores del distrito.<\/p>\n\n\n\n<p class=\"wp-block-paragraph\">La intervenci\u00f3n permiti\u00f3 mejorar las condiciones de las v\u00edas y \u00e1reas verdes, facilitando la circulaci\u00f3n de peatones y veh\u00edculos y contribuyendo a una mejor imagen urbana de la urbanizaci\u00f3n.<\/p>\n\n\n\n<p class=\"wp-block-paragraph\">El Subalcalde Edgar Condori Limachi destac\u00f3 la importancia de atender las necesidades de las diferentes urbanizaciones y ratific\u00f3 el compromiso de continuar impulsando trabajos de mantenimiento y mejoramiento en beneficio de las familias del Distrito 7.<\/p>\n\n\n\n<p class=\"wp-block-paragraph\">Estas acciones forman parte del trabajo permanente de la Subalcald\u00eda para fortalecer los espacios p\u00fablicos y mejorar las condiciones de transitabilidad en los diferentes sectores del distrito.<br>\/\/\/\/\/\/\/<\/p>\n\n\n\n<p class=\"wp-block-paragraph\"><\/p>\n\n\n\n<p class=\"wp-block-paragraph\"><\/p>\n\n\n\n<p class=\"wp-block-paragraph\"><\/p>\n\n\n\n<p class=\"wp-block-paragraph\"><\/p>\n","protected":false},"excerpt":{"rendered":"<p>PRENSA GAMEA\/ Jue 03.09.2026 La Subalcald\u00eda del Distrito 7 realiz\u00f3 trabajos de perfilado y nivelaci\u00f3n en calles y avenidas, adem\u00e1s de intervenir \u00e1reas verdes de la Urbanizaci\u00f3n San F\u00e9lix, utilizando maquinaria pesada para mejorar las condiciones del terreno, facilitar la circulaci\u00f3n vehicular y peatonal y recuperar espacios de uso comunitario para los vecinos. Los trabajos [&hellip;]<\/p>\n","protected":false},"author":17,"featured_media":27417,"comment_status":"open","ping_status":"open","sticky":false,"template":"","format":"standard","meta":{"content-type":"","footnotes":""},"categories":[165],"tags":[],"class_list":["post-27415","post","type-post","status-publish","format-standard","has-post-thumbnail","category-subalcaldias"],"_links":{"self":[{"href":"https:\/\/elalto.gob.bo\/noticias\/index.php?rest_route=\/wp\/v2\/posts\/27415","targetHints":{"allow":["GET"]}}],"collection":[{"href":"https:\/\/elalto.gob.bo\/noticias\/index.php?rest_route=\/wp\/v2\/posts"}],"about":[{"href":"https:\/\/elalto.gob.bo\/noticias\/index.php?rest_route=\/wp\/v2\/types\/post"}],"author":[{"embeddable":true,"href":"https:\/\/elalto.gob.bo\/noticias\/index.php?rest_route=\/wp\/v2\/users\/17"}],"replies":[{"embeddable":true,"href":"https:\/\/elalto.gob.bo\/noticias\/index.php?rest_route=%2Fwp%2Fv2%2Fcomments&post=27415"}],"version-history":[{"count":1,"href":"https:\/\/elalto.gob.bo\/noticias\/index.php?rest_route=\/wp\/v2\/posts\/27415\/revisions"}],"predecessor-version":[{"id":27418,"href":"https:\/\/elalto.gob.bo\/noticias\/index.php?rest_route=\/wp\/v2\/posts\/27415\/revisions\/27418"}],"wp:featuredmedia":[{"embeddable":true,"href":"https:\/\/elalto.gob.bo\/noticias\/index.php?rest_route=\/wp\/v2\/media\/27417"}],"wp:attachment":[{"href":"https:\/\/elalto.gob.bo\/noticias\/index.php?rest_route=%2Fwp%2Fv2%2Fmedia&parent=27415"}],"wp:term":[{"taxonomy":"category","embeddable":true,"href":"https:\/\/elalto.gob.bo\/noticias\/index.php?rest_route=%2Fwp%2Fv2%2Fcategories&post=27415"},{"taxonomy":"post_tag","embeddable":true,"href":"https:\/\/elalto.gob.bo\/noticias\/index.php?rest_route=%2Fwp%2Fv2%2Ftags&post=27415"}],"curies":[{"name":"wp","href":"https:\/\/api.w.org\/{rel}","templated":true}]}}