{"id":27419,"date":"2026-09-03T13:42:46","date_gmt":"2026-09-03T17:42:46","guid":{"rendered":"https:\/\/elalto.gob.bo\/noticias\/?p=27419"},"modified":"2026-09-03T13:42:49","modified_gmt":"2026-09-03T17:42:49","slug":"subalcaldia-del-d-14-anuncia-luminarias-led-para-unidad-educativa-humberto-portocarrero","status":"publish","type":"post","link":"https:\/\/elalto.gob.bo\/noticias\/?p=27419","title":{"rendered":"Subalcald\u00eda del D-14 anuncia luminarias led para Unidad Educativa Humberto Portocarrero"},"content":{"rendered":"\n<p class=\"wp-block-paragraph\"><em>PRENSA GAMEA\/ Jue 03.09.2026<\/em><\/p>\n\n\n\n<p class=\"wp-block-paragraph\">La Unidad Educativa Humberto Portocarrero \u2013 Fe y Alegr\u00eda celebr\u00f3 sus veinticuatro a\u00f1os de vida institucional con un acto conmemorativo, en el que la Subalcald\u00eda del Distrito 14 entreg\u00f3 un reconocimiento y anunci\u00f3 la dotaci\u00f3n de luminarias LED para el establecimiento educativo.<\/p>\n\n\n\n<p class=\"wp-block-paragraph\">La actividad se desarroll\u00f3 en predios de la unidad educativa, ubicada sobre la carretera a Laja, en la urbanizaci\u00f3n Bautista Saavedra. Durante la celebraci\u00f3n, los estudiantes participaron con presentaciones de danzas y diferentes actividades preparadas en homenaje a la trayectoria de la instituci\u00f3n.<\/p>\n\n\n\n<p class=\"wp-block-paragraph\">El Subalcalde del Distrito 14, Edwin Casas, destac\u00f3 el aporte de Fe y Alegr\u00eda a la educaci\u00f3n integral y entreg\u00f3 un reconocimiento como muestra de valoraci\u00f3n al trabajo desarrollado por la comunidad educativa.<\/p>\n\n\n\n<p class=\"wp-block-paragraph\">Asimismo, la autoridad anunci\u00f3 la dotaci\u00f3n de luminarias LED para la unidad educativa y ratific\u00f3 el compromiso de continuar trabajando por la comunidad educativa del Distrito 14, atendiendo sus necesidades y mejorando sus condiciones.<\/p>\n\n\n\n<p class=\"wp-block-paragraph\">Estas acciones forman parte del trabajo coordinado que impulsa la gesti\u00f3n municipal para fortalecer los espacios educativos y brindar mejores condiciones a los estudiantes del Distrito 14.<br>\/\/\/\/\/\/<\/p>\n\n\n\n<p class=\"wp-block-paragraph\"><\/p>\n\n\n\n<p class=\"wp-block-paragraph\"><\/p>\n","protected":false},"excerpt":{"rendered":"<p>PRENSA GAMEA\/ Jue 03.09.2026 La Unidad Educativa Humberto Portocarrero \u2013 Fe y Alegr\u00eda celebr\u00f3 sus veinticuatro a\u00f1os de vida institucional con un acto conmemorativo, en el que la Subalcald\u00eda del Distrito 14 entreg\u00f3 un reconocimiento y anunci\u00f3 la dotaci\u00f3n de luminarias LED para el establecimiento educativo. La actividad se desarroll\u00f3 en predios de la unidad [&hellip;]<\/p>\n","protected":false},"author":17,"featured_media":27420,"comment_status":"open","ping_status":"open","sticky":false,"template":"","format":"standard","meta":{"content-type":"","footnotes":""},"categories":[165],"tags":[],"class_list":["post-27419","post","type-post","status-publish","format-standard","has-post-thumbnail","category-subalcaldias"],"_links":{"self":[{"href":"https:\/\/elalto.gob.bo\/noticias\/index.php?rest_route=\/wp\/v2\/posts\/27419","targetHints":{"allow":["GET"]}}],"collection":[{"href":"https:\/\/elalto.gob.bo\/noticias\/index.php?rest_route=\/wp\/v2\/posts"}],"about":[{"href":"https:\/\/elalto.gob.bo\/noticias\/index.php?rest_route=\/wp\/v2\/types\/post"}],"author":[{"embeddable":true,"href":"https:\/\/elalto.gob.bo\/noticias\/index.php?rest_route=\/wp\/v2\/users\/17"}],"replies":[{"embeddable":true,"href":"https:\/\/elalto.gob.bo\/noticias\/index.php?rest_route=%2Fwp%2Fv2%2Fcomments&post=27419"}],"version-history":[{"count":1,"href":"https:\/\/elalto.gob.bo\/noticias\/index.php?rest_route=\/wp\/v2\/posts\/27419\/revisions"}],"predecessor-version":[{"id":27421,"href":"https:\/\/elalto.gob.bo\/noticias\/index.php?rest_route=\/wp\/v2\/posts\/27419\/revisions\/27421"}],"wp:featuredmedia":[{"embeddable":true,"href":"https:\/\/elalto.gob.bo\/noticias\/index.php?rest_route=\/wp\/v2\/media\/27420"}],"wp:attachment":[{"href":"https:\/\/elalto.gob.bo\/noticias\/index.php?rest_route=%2Fwp%2Fv2%2Fmedia&parent=27419"}],"wp:term":[{"taxonomy":"category","embeddable":true,"href":"https:\/\/elalto.gob.bo\/noticias\/index.php?rest_route=%2Fwp%2Fv2%2Fcategories&post=27419"},{"taxonomy":"post_tag","embeddable":true,"href":"https:\/\/elalto.gob.bo\/noticias\/index.php?rest_route=%2Fwp%2Fv2%2Ftags&post=27419"}],"curies":[{"name":"wp","href":"https:\/\/api.w.org\/{rel}","templated":true}]}}