{"id":27422,"date":"2026-09-03T13:45:28","date_gmt":"2026-09-03T17:45:28","guid":{"rendered":"https:\/\/elalto.gob.bo\/noticias\/?p=27422"},"modified":"2026-09-03T13:45:31","modified_gmt":"2026-09-03T17:45:31","slug":"subalcaldia-del-distrito-2-inicia-pavimento-flexible-en-la-zona-eduardo-avaroa","status":"publish","type":"post","link":"https:\/\/elalto.gob.bo\/noticias\/?p=27422","title":{"rendered":"Subalcald\u00eda del Distrito 2 inicia pavimento flexible en la zona Eduardo Avaroa"},"content":{"rendered":"\n<p class=\"wp-block-paragraph\"><em>PRENSA GAMEA \/ Jue 03.09.2026<\/em><\/p>\n\n\n\n<p class=\"wp-block-paragraph\">Con el objetivo de transformar la infraestructura urbana y garantizar la transitabilidad de las familias alte\u00f1as, se dio inicio formal a la construcci\u00f3n de pavimento flexible en la calle 107 de la Urbanizaci\u00f3n Eduardo Avaroa, ubicada en el Distrito Municipal N.\u00ba 2. La obra contempla una inversi\u00f3n econ\u00f3mica de m\u00e1s de 229 mil bolivianos y prev\u00e9 su entrega en un plazo de ejecuci\u00f3n de 20 d\u00edas calendario.<\/p>\n\n\n\n<p class=\"wp-block-paragraph\">\u00abEl d\u00eda de hoy estamos en la Urbanizaci\u00f3n Eduardo Avaroa, donde se realizar\u00e1 el mejoramiento vial con pavimento flexible. La obra ser\u00e1 ejecutada en 20 d\u00edas; los vecinos se mostraron muy alegres y conformes por las mejoras que llegar\u00e1n a sus calles\u00bb, destac\u00f3 la Subalcaldesa Irene Cusi, durante el acto de inicio de obras.<\/p>\n\n\n\n<p class=\"wp-block-paragraph\">Esta intervenci\u00f3n vial permitir\u00e1 resolver los problemas de barro y polvo en el sector, optimizando el flujo vehicular y peatonal, y elevando la calidad de vida de las familias de la zona Eduardo Avaroa.<br>\/\/\/\/\/\/<\/p>\n\n\n\n<p class=\"wp-block-paragraph\"><em>Tik Tok<\/em><br><a href=\"https:\/\/www.tiktok.com\/@alcaldiaelalto\">https:\/\/www.tiktok.com\/@alcaldiaelalto<\/a><\/p>\n\n\n\n<p class=\"wp-block-paragraph\"><em>GESTI\u00d3N ELISER ROCA<\/em><\/p>\n","protected":false},"excerpt":{"rendered":"<p>PRENSA GAMEA \/ Jue 03.09.2026 Con el objetivo de transformar la infraestructura urbana y garantizar la transitabilidad de las familias alte\u00f1as, se dio inicio formal a la construcci\u00f3n de pavimento flexible en la calle 107 de la Urbanizaci\u00f3n Eduardo Avaroa, ubicada en el Distrito Municipal N.\u00ba 2. La obra contempla una inversi\u00f3n econ\u00f3mica de m\u00e1s [&hellip;]<\/p>\n","protected":false},"author":17,"featured_media":27423,"comment_status":"open","ping_status":"open","sticky":false,"template":"","format":"standard","meta":{"content-type":"","footnotes":""},"categories":[165],"tags":[],"class_list":["post-27422","post","type-post","status-publish","format-standard","has-post-thumbnail","category-subalcaldias"],"_links":{"self":[{"href":"https:\/\/elalto.gob.bo\/noticias\/index.php?rest_route=\/wp\/v2\/posts\/27422","targetHints":{"allow":["GET"]}}],"collection":[{"href":"https:\/\/elalto.gob.bo\/noticias\/index.php?rest_route=\/wp\/v2\/posts"}],"about":[{"href":"https:\/\/elalto.gob.bo\/noticias\/index.php?rest_route=\/wp\/v2\/types\/post"}],"author":[{"embeddable":true,"href":"https:\/\/elalto.gob.bo\/noticias\/index.php?rest_route=\/wp\/v2\/users\/17"}],"replies":[{"embeddable":true,"href":"https:\/\/elalto.gob.bo\/noticias\/index.php?rest_route=%2Fwp%2Fv2%2Fcomments&post=27422"}],"version-history":[{"count":1,"href":"https:\/\/elalto.gob.bo\/noticias\/index.php?rest_route=\/wp\/v2\/posts\/27422\/revisions"}],"predecessor-version":[{"id":27424,"href":"https:\/\/elalto.gob.bo\/noticias\/index.php?rest_route=\/wp\/v2\/posts\/27422\/revisions\/27424"}],"wp:featuredmedia":[{"embeddable":true,"href":"https:\/\/elalto.gob.bo\/noticias\/index.php?rest_route=\/wp\/v2\/media\/27423"}],"wp:attachment":[{"href":"https:\/\/elalto.gob.bo\/noticias\/index.php?rest_route=%2Fwp%2Fv2%2Fmedia&parent=27422"}],"wp:term":[{"taxonomy":"category","embeddable":true,"href":"https:\/\/elalto.gob.bo\/noticias\/index.php?rest_route=%2Fwp%2Fv2%2Fcategories&post=27422"},{"taxonomy":"post_tag","embeddable":true,"href":"https:\/\/elalto.gob.bo\/noticias\/index.php?rest_route=%2Fwp%2Fv2%2Ftags&post=27422"}],"curies":[{"name":"wp","href":"https:\/\/api.w.org\/{rel}","templated":true}]}}