{"id":27425,"date":"2026-09-03T13:47:50","date_gmt":"2026-09-03T17:47:50","guid":{"rendered":"https:\/\/elalto.gob.bo\/noticias\/?p=27425"},"modified":"2026-09-03T13:47:53","modified_gmt":"2026-09-03T17:47:53","slug":"vecinos-de-la-zona-1-de-mayo-celebran-la-renovacion-total-de-su-plaza-principal","status":"publish","type":"post","link":"https:\/\/elalto.gob.bo\/noticias\/?p=27425","title":{"rendered":"Vecinos de la zona 1 de Mayo celebran la renovaci\u00f3n total de su plaza principal"},"content":{"rendered":"\n<p class=\"wp-block-paragraph\"><em>PRENSA GAMEA \/ Jue 03.09.2026<\/em><\/p>\n\n\n\n<p class=\"wp-block-paragraph\">En medio de un ambiente de satisfacci\u00f3n vecinal, las familias de la Urbanizaci\u00f3n 1 de Mayo, ubicadas en el Distrito 3, recibieron la renovaci\u00f3n y mejoramiento integral de su plaza principal. El proyecto, destinado a fortalecer el equipamiento urbano de la zona, demand\u00f3 una inversi\u00f3n econ\u00f3mica que supera los Bs 383 mil.<\/p>\n\n\n\n<p class=\"wp-block-paragraph\">La obra contempla la renovaci\u00f3n total de adoquines, trabajos profundos de limpieza y el desarrollo de jornadas de reforestaci\u00f3n para incrementar las \u00e1reas verdes del sector. Vecinos y dirigencia destacaron que este reacondicionado espacio p\u00fablico se convertir\u00e1 en un punto de encuentro clave para la recreaci\u00f3n segura de las ni\u00f1as y ni\u00f1os, as\u00ed como un espacio de esparcimiento y descanso para los adultos mayores.<\/p>\n\n\n\n<p class=\"wp-block-paragraph\">Las labores forman parte de la pol\u00edtica de atenci\u00f3n directa a las zonas impulsada por el Gobierno Municipal de El Alto bajo la gesti\u00f3n del Alcalde Eliser Roca Tancara, ejecutada a trav\u00e9s de la Subalcald\u00eda del Distrito 3 liderada por el subalcalde Guillermo Mamani.<br>\/\/\/\/\/\/\/<\/p>\n\n\n\n<p class=\"wp-block-paragraph\"><\/p>\n\n\n\n<p class=\"wp-block-paragraph\"><\/p>\n\n\n\n<p class=\"wp-block-paragraph\"><\/p>\n","protected":false},"excerpt":{"rendered":"<p>PRENSA GAMEA \/ Jue 03.09.2026 En medio de un ambiente de satisfacci\u00f3n vecinal, las familias de la Urbanizaci\u00f3n 1 de Mayo, ubicadas en el Distrito 3, recibieron la renovaci\u00f3n y mejoramiento integral de su plaza principal. El proyecto, destinado a fortalecer el equipamiento urbano de la zona, demand\u00f3 una inversi\u00f3n econ\u00f3mica que supera los Bs [&hellip;]<\/p>\n","protected":false},"author":17,"featured_media":27426,"comment_status":"open","ping_status":"open","sticky":false,"template":"","format":"standard","meta":{"content-type":"","footnotes":""},"categories":[165],"tags":[],"class_list":["post-27425","post","type-post","status-publish","format-standard","has-post-thumbnail","category-subalcaldias"],"_links":{"self":[{"href":"https:\/\/elalto.gob.bo\/noticias\/index.php?rest_route=\/wp\/v2\/posts\/27425","targetHints":{"allow":["GET"]}}],"collection":[{"href":"https:\/\/elalto.gob.bo\/noticias\/index.php?rest_route=\/wp\/v2\/posts"}],"about":[{"href":"https:\/\/elalto.gob.bo\/noticias\/index.php?rest_route=\/wp\/v2\/types\/post"}],"author":[{"embeddable":true,"href":"https:\/\/elalto.gob.bo\/noticias\/index.php?rest_route=\/wp\/v2\/users\/17"}],"replies":[{"embeddable":true,"href":"https:\/\/elalto.gob.bo\/noticias\/index.php?rest_route=%2Fwp%2Fv2%2Fcomments&post=27425"}],"version-history":[{"count":1,"href":"https:\/\/elalto.gob.bo\/noticias\/index.php?rest_route=\/wp\/v2\/posts\/27425\/revisions"}],"predecessor-version":[{"id":27427,"href":"https:\/\/elalto.gob.bo\/noticias\/index.php?rest_route=\/wp\/v2\/posts\/27425\/revisions\/27427"}],"wp:featuredmedia":[{"embeddable":true,"href":"https:\/\/elalto.gob.bo\/noticias\/index.php?rest_route=\/wp\/v2\/media\/27426"}],"wp:attachment":[{"href":"https:\/\/elalto.gob.bo\/noticias\/index.php?rest_route=%2Fwp%2Fv2%2Fmedia&parent=27425"}],"wp:term":[{"taxonomy":"category","embeddable":true,"href":"https:\/\/elalto.gob.bo\/noticias\/index.php?rest_route=%2Fwp%2Fv2%2Fcategories&post=27425"},{"taxonomy":"post_tag","embeddable":true,"href":"https:\/\/elalto.gob.bo\/noticias\/index.php?rest_route=%2Fwp%2Fv2%2Ftags&post=27425"}],"curies":[{"name":"wp","href":"https:\/\/api.w.org\/{rel}","templated":true}]}}