{"id":27428,"date":"2026-09-03T13:51:44","date_gmt":"2026-09-03T17:51:44","guid":{"rendered":"https:\/\/elalto.gob.bo\/noticias\/?p=27428"},"modified":"2026-09-03T13:51:49","modified_gmt":"2026-09-03T17:51:49","slug":"alcaldia-de-el-alto-atiende-casos-de-adultos-mayores-extraviados-y-gestiona-su-reinsercion-familiar","status":"publish","type":"post","link":"https:\/\/elalto.gob.bo\/noticias\/?p=27428","title":{"rendered":"Alcald\u00eda de El Alto atiende casos de Adultos Mayores extraviados y gestiona su reinserci\u00f3n familiar"},"content":{"rendered":"\n<p class=\"wp-block-paragraph\"><em>PRENSA GAMEA\/ Jue 03.09.2026<\/em><\/p>\n\n\n\n<p class=\"wp-block-paragraph\">El Hogar 24 Horas de Adultos Mayores de El Alto atendi\u00f3 durante agosto cuatro casos de personas adultas mayores extraviadas, activando acciones de protecci\u00f3n y realizando gestiones para facilitar su reinserci\u00f3n familiar, inform\u00f3 el director de Desarrollo Integral del GAMEA, Gregorio Condori.<\/p>\n\n\n\n<p class=\"wp-block-paragraph\">\u00abUno de los casos sobresalientes corresponde a una adulta mayor que es soltera, no tiene hijos y vive con los recursos econ\u00f3micos que gener\u00f3 durante su juventud. Ella vive en un departamento alquilado, pero actualmente ya no cuenta con recursos econ\u00f3micos para cubrir sus necesidades. Nosotros pudimos apoyarla estableciendo contacto con una iglesia que la se\u00f1ora frecuentaba, y el pastor se comprometi\u00f3 a brindarle un espacio\u00bb dijo Condori.<\/p>\n\n\n\n<p class=\"wp-block-paragraph\">La autoridad explic\u00f3 que tambi\u00e9n exist\u00eda la posibilidad de que ella fuera trasladada a un albergue permanente; sin embargo, no se la puede obligar, porque debe existir su consentimiento. \u00abLa se\u00f1ora se encuentra l\u00facida y tiene la capacidad de tomar sus propias decisiones\u00bb resalt\u00f3.<\/p>\n\n\n\n<p class=\"wp-block-paragraph\">Condori, tambi\u00e9n inform\u00f3 sobre otro caso que corresponde a un adulto mayor que fue encontrado deambulando en inmediaciones de La Ceja.<br>\u00ab\u00c9l se encuentra siguiendo un proceso de separaci\u00f3n y su abogado est\u00e1 en La Paz. El adulto mayor es de Caranavi&#8230;\u00bb dijo Condori.<\/p>\n\n\n\n<p class=\"wp-block-paragraph\">La autoridad puntualiz\u00f3 que se realizaron las gestiones correspondientes para que pueda retornar con su hijo y sus familiares en Caranavi. \u00abEs as\u00ed que la Alcald\u00eda, a trav\u00e9s de un equipo multidisciplinario, precautela la seguridad, la salud y la integridad de los adultos mayores. Asimismo, motivamos a los vecinos y a los presidentes de zona a comunicarse con nosotros cuando conozcan alg\u00fan caso de un adulto mayor extraviado o que necesite apoyo\u00bb finaliz\u00f3 la autoridad.<\/p>\n\n\n\n<p class=\"wp-block-paragraph\">La Direcci\u00f3n de Desarrollo Integral atender\u00e1 a la poblaci\u00f3n a trav\u00e9s del n\u00famero 77254571 en caso de presentarse este tipo de situaciones.<br>\/\/\/\/\/\/\/<\/p>\n\n\n\n<p class=\"wp-block-paragraph\"><\/p>\n\n\n\n<p class=\"wp-block-paragraph\"><\/p>\n\n\n\n<p class=\"wp-block-paragraph\"><\/p>\n\n\n\n<p class=\"wp-block-paragraph\"><\/p>\n\n\n\n<p class=\"wp-block-paragraph\"><\/p>\n","protected":false},"excerpt":{"rendered":"<p>PRENSA GAMEA\/ Jue 03.09.2026 El Hogar 24 Horas de Adultos Mayores de El Alto atendi\u00f3 durante agosto cuatro casos de personas adultas mayores extraviadas, activando acciones de protecci\u00f3n y realizando gestiones para facilitar su reinserci\u00f3n familiar, inform\u00f3 el director de Desarrollo Integral del GAMEA, Gregorio Condori. \u00abUno de los casos sobresalientes corresponde a una adulta [&hellip;]<\/p>\n","protected":false},"author":17,"featured_media":27429,"comment_status":"open","ping_status":"open","sticky":false,"template":"","format":"standard","meta":{"content-type":"","footnotes":""},"categories":[15],"tags":[],"class_list":["post-27428","post","type-post","status-publish","format-standard","has-post-thumbnail","category-gestion"],"_links":{"self":[{"href":"https:\/\/elalto.gob.bo\/noticias\/index.php?rest_route=\/wp\/v2\/posts\/27428","targetHints":{"allow":["GET"]}}],"collection":[{"href":"https:\/\/elalto.gob.bo\/noticias\/index.php?rest_route=\/wp\/v2\/posts"}],"about":[{"href":"https:\/\/elalto.gob.bo\/noticias\/index.php?rest_route=\/wp\/v2\/types\/post"}],"author":[{"embeddable":true,"href":"https:\/\/elalto.gob.bo\/noticias\/index.php?rest_route=\/wp\/v2\/users\/17"}],"replies":[{"embeddable":true,"href":"https:\/\/elalto.gob.bo\/noticias\/index.php?rest_route=%2Fwp%2Fv2%2Fcomments&post=27428"}],"version-history":[{"count":1,"href":"https:\/\/elalto.gob.bo\/noticias\/index.php?rest_route=\/wp\/v2\/posts\/27428\/revisions"}],"predecessor-version":[{"id":27430,"href":"https:\/\/elalto.gob.bo\/noticias\/index.php?rest_route=\/wp\/v2\/posts\/27428\/revisions\/27430"}],"wp:featuredmedia":[{"embeddable":true,"href":"https:\/\/elalto.gob.bo\/noticias\/index.php?rest_route=\/wp\/v2\/media\/27429"}],"wp:attachment":[{"href":"https:\/\/elalto.gob.bo\/noticias\/index.php?rest_route=%2Fwp%2Fv2%2Fmedia&parent=27428"}],"wp:term":[{"taxonomy":"category","embeddable":true,"href":"https:\/\/elalto.gob.bo\/noticias\/index.php?rest_route=%2Fwp%2Fv2%2Fcategories&post=27428"},{"taxonomy":"post_tag","embeddable":true,"href":"https:\/\/elalto.gob.bo\/noticias\/index.php?rest_route=%2Fwp%2Fv2%2Ftags&post=27428"}],"curies":[{"name":"wp","href":"https:\/\/api.w.org\/{rel}","templated":true}]}}