{"id":27435,"date":"2026-09-03T16:56:02","date_gmt":"2026-09-03T20:56:02","guid":{"rendered":"https:\/\/elalto.gob.bo\/noticias\/?p=27435"},"modified":"2026-09-03T16:56:04","modified_gmt":"2026-09-03T20:56:04","slug":"mas-de-8-500-viviendas-en-el-alto-recibiran-su-titulacion-de-propiedad","status":"publish","type":"post","link":"https:\/\/elalto.gob.bo\/noticias\/?p=27435","title":{"rendered":"M\u00e1s de 8.500 viviendas en El Alto recibir\u00e1n su titulaci\u00f3n de propiedad"},"content":{"rendered":"\n<p class=\"wp-block-paragraph\"><em>PRENSA GAMEA\/ Jue 03.09.2026<\/em><\/p>\n\n\n\n<p class=\"wp-block-paragraph\">M\u00e1s de 8.000 viviendas ser\u00e1n tituladas en distintas zonas y urbanizaciones de El Alto, dentro del Programa de Titulaci\u00f3n Masiva lanzada hoy por el Presidente de Bolivia Rodrigo Paz Pereira, junto al Alcalde de nuestra ciudad, Eliser Roca Tancara.<\/p>\n\n\n\n<p class=\"wp-block-paragraph\">Se inform\u00f3 que aproximadamente 30.000 viviendas ser\u00e1n tituladas en 28 municipios del pa\u00eds, lo que representar\u00eda un impacto potencial sobre unas 150.000 personas beneficiadas, considerando un promedio de cinco integrantes por familia, de esa cantidad, el 29% corresponde a El Alto.<\/p>\n\n\n\n<p class=\"wp-block-paragraph\">El Alcalde de dicha urbe, se\u00f1al\u00f3 que contar con documentos de propiedad permitir\u00e1 brindar seguridad jur\u00eddica a miles de familias alte\u00f1as que actualmente habitan sus viviendas, pero no cuentan con la documentaci\u00f3n registrada a su nombre.<\/p>\n\n\n\n<p class=\"wp-block-paragraph\">\u201cEs bueno tener un documento a nuestro nombre. Muchos vecinos y vecinas viven en una casa, pero los documentos no est\u00e1n a su nombre. Para nosotros es muy importante que se titulen\u201d, afirm\u00f3.<\/p>\n\n\n\n<p class=\"wp-block-paragraph\">De acuerdo a los datos, El Alto concentra la segunda mayor cantidad de casos pendientes con 8.649 viviendas, detr\u00e1s de Santa Cruz con 12.529, delante de Warnes con 2.560 y La Paz con 1.532. En total son m\u00e1s de 450 urbanizaciones en todo el pa\u00eds que esperan cerrar este proceso.<\/p>\n\n\n\n<p class=\"wp-block-paragraph\">Por su parte, el Presidente record\u00f3 que sectores o zonas antiguas de la urbe alte\u00f1a contin\u00faan enfrentando problemas de titulaci\u00f3n y cuestion\u00f3 que durante d\u00e9cadas no se haya dado una soluci\u00f3n definitiva a las familias.<\/p>\n\n\n\n<p class=\"wp-block-paragraph\">El programa est\u00e1 dirigido a beneficiarios y herederos del ex FONVIS y Consejos de Vivienda. \u201cYo tengo t\u00edtulos de hace 14 \u00f3 15 a\u00f1os, de gente que esperaba tener su t\u00edtulo de propiedad\u201d dijo el mandatario.<\/p>\n\n\n\n<p class=\"wp-block-paragraph\">3 ejes del Programa de Titulaci\u00f3n Masiva<\/p>\n\n\n\n<ol class=\"wp-block-list\">\n<li>Titulaci\u00f3n: Entrega de Derecho Propietario a 30.832 familias que ya cuentan con su vivienda, pero no con sus papeles.<\/li>\n\n\n\n<li>Devoluci\u00f3n de aportes: M\u00e1s de 70 mil ciudadanos que aportaron al FONVIS y nunca recibieron una vivienda recibir\u00e1n la devoluci\u00f3n de sus aportes. El monto supera los Bs 37 millones y se depositar\u00e1 directamente a sus cuentas bancarias en los pr\u00f3ximos meses.<\/li>\n\n\n\n<li>Condonaci\u00f3n de deudas: Se proyecta una Ley para condonar las deudas vencidas, castigadas e incobrables de hace m\u00e1s de 30 a\u00f1os, que hoy impiden a las familias inscribir sus viviendas en Derechos Reales.<\/li>\n<\/ol>\n\n\n\n<p class=\"wp-block-paragraph\">\u00bfQui\u00e9nes se benefician?<\/p>\n\n\n\n<ol class=\"wp-block-list\">\n<li>Adjudicatarios originales de vivienda social del ex FONVIS y Consejos de Vivienda.<\/li>\n\n\n\n<li>Herederos directos con declaratoria oficial<\/li>\n\n\n\n<li>Ocupantes reconocidos con posesi\u00f3n continua<\/li>\n<\/ol>\n\n\n\n<p class=\"wp-block-paragraph\">Adem\u00e1s de la titulaci\u00f3n, el Estado devolver\u00e1 m\u00e1s de 37 millones de Bs a m\u00e1s de 70 mil ciudadanos que aportaron y nunca recibieron una vivienda. Y se proyecta una Ley de Condonaci\u00f3n de Deudas para casos de hace m\u00e1s de 30 a\u00f1os que hoy no pueden registrar sus casas en Derechos Reales.<\/p>\n\n\n\n<p class=\"wp-block-paragraph\">El lanzamiento se realiz\u00f3 en el auditorio del Jach`a Uta (Casa Municipal de El Alto) con la presencia de autoridades del Gobierno Nacional y Municipales, adem\u00e1s de vecinos de distintas urbanizaciones y sectores sociales de la urbe.<br>\/\/\/\/\/\/<\/p>\n\n\n\n<p class=\"wp-block-paragraph\"><\/p>\n\n\n\n<p class=\"wp-block-paragraph\"> <br><br><br><\/p>\n\n\n\n<p class=\"wp-block-paragraph\"><\/p>\n\n\n\n<p class=\"wp-block-paragraph\"><br><\/p>\n\n\n\n<p class=\"wp-block-paragraph\"><\/p>\n\n\n\n<p class=\"wp-block-paragraph\"><\/p>\n","protected":false},"excerpt":{"rendered":"<p>PRENSA GAMEA\/ Jue 03.09.2026 M\u00e1s de 8.000 viviendas ser\u00e1n tituladas en distintas zonas y urbanizaciones de El Alto, dentro del Programa de Titulaci\u00f3n Masiva lanzada hoy por el Presidente de Bolivia Rodrigo Paz Pereira, junto al Alcalde de nuestra ciudad, Eliser Roca Tancara. Se inform\u00f3 que aproximadamente 30.000 viviendas ser\u00e1n tituladas en 28 municipios del [&hellip;]<\/p>\n","protected":false},"author":17,"featured_media":27436,"comment_status":"open","ping_status":"open","sticky":false,"template":"","format":"standard","meta":{"content-type":"","footnotes":""},"categories":[15],"tags":[],"class_list":["post-27435","post","type-post","status-publish","format-standard","has-post-thumbnail","category-gestion"],"_links":{"self":[{"href":"https:\/\/elalto.gob.bo\/noticias\/index.php?rest_route=\/wp\/v2\/posts\/27435","targetHints":{"allow":["GET"]}}],"collection":[{"href":"https:\/\/elalto.gob.bo\/noticias\/index.php?rest_route=\/wp\/v2\/posts"}],"about":[{"href":"https:\/\/elalto.gob.bo\/noticias\/index.php?rest_route=\/wp\/v2\/types\/post"}],"author":[{"embeddable":true,"href":"https:\/\/elalto.gob.bo\/noticias\/index.php?rest_route=\/wp\/v2\/users\/17"}],"replies":[{"embeddable":true,"href":"https:\/\/elalto.gob.bo\/noticias\/index.php?rest_route=%2Fwp%2Fv2%2Fcomments&post=27435"}],"version-history":[{"count":1,"href":"https:\/\/elalto.gob.bo\/noticias\/index.php?rest_route=\/wp\/v2\/posts\/27435\/revisions"}],"predecessor-version":[{"id":27437,"href":"https:\/\/elalto.gob.bo\/noticias\/index.php?rest_route=\/wp\/v2\/posts\/27435\/revisions\/27437"}],"wp:featuredmedia":[{"embeddable":true,"href":"https:\/\/elalto.gob.bo\/noticias\/index.php?rest_route=\/wp\/v2\/media\/27436"}],"wp:attachment":[{"href":"https:\/\/elalto.gob.bo\/noticias\/index.php?rest_route=%2Fwp%2Fv2%2Fmedia&parent=27435"}],"wp:term":[{"taxonomy":"category","embeddable":true,"href":"https:\/\/elalto.gob.bo\/noticias\/index.php?rest_route=%2Fwp%2Fv2%2Fcategories&post=27435"},{"taxonomy":"post_tag","embeddable":true,"href":"https:\/\/elalto.gob.bo\/noticias\/index.php?rest_route=%2Fwp%2Fv2%2Ftags&post=27435"}],"curies":[{"name":"wp","href":"https:\/\/api.w.org\/{rel}","templated":true}]}}