{"id":27438,"date":"2026-09-03T16:58:10","date_gmt":"2026-09-03T20:58:10","guid":{"rendered":"https:\/\/elalto.gob.bo\/noticias\/?p=27438"},"modified":"2026-09-03T16:58:13","modified_gmt":"2026-09-03T20:58:13","slug":"centro-cultural-excombatientes-abre-inscripciones-gratuitas-para-cursos-de-formacion-artistica","status":"publish","type":"post","link":"https:\/\/elalto.gob.bo\/noticias\/?p=27438","title":{"rendered":"Centro Cultural Excombatientes abre inscripciones gratuitas para cursos de formaci\u00f3n art\u00edstica"},"content":{"rendered":"\n<p class=\"wp-block-paragraph\"><em>PRENSA GAMEA \/ Jue 03.09.2026<\/em><\/p>\n\n\n\n<p class=\"wp-block-paragraph\">Los Centros Culturales de El Alto se consolidan como espacios de formaci\u00f3n y desarrollo integral para la ni\u00f1ez, juventud y adultos de la urbe. En este marco, la moderna infraestructura del Centro Cultural Excombatientes de la Guerra del Chaco, ubicada en el Distrito 2 (al lado del Hospital Corea), abri\u00f3 su periodo de inscripciones para cursos gratuitos de pintura, danza y poes\u00eda.<\/p>\n\n\n\n<p class=\"wp-block-paragraph\">La oferta formativa incluye las disciplinas de Pintura de paisajes y retratismo (para ni\u00f1os y j\u00f3venes de 10 a 15 a\u00f1os), Danza folcl\u00f3rica (de 14 a 17 a\u00f1os) y Poes\u00eda y declamaci\u00f3n (de 15 a 18 a\u00f1os). El proceso de inscripci\u00f3n se extender\u00e1 hasta el 11 de septiembre, solicitando \u00fanicamente como requisitos la fotocopia del carnet de identidad del participante y un n\u00famero de tel\u00e9fono de referencia.<\/p>\n\n\n\n<p class=\"wp-block-paragraph\">\u00abLos invito al Centro Cultural Excombatientes de la Guerra del Chaco, que queda en el Distrito 2, a lado del Hospital Corea, donde se dictar\u00e1n los cursos de pintura, danza y poes\u00eda. Estos cursos est\u00e1n destinados a los ni\u00f1os y j\u00f3venes para que puedan desarrollar sus aptitudes art\u00edsticas\u00bb, destac\u00f3 el coordinador de Espacios Culturales del municipio, Luis Fernando V\u00e1zquez.<\/p>\n\n\n\n<p class=\"wp-block-paragraph\">El inicio de clases est\u00e1 programado para el lunes 14 de septiembre. Con estas acciones, el Gobierno Aut\u00f3nomo Municipal de El Alto busca promover el uso productivo del tiempo libre y el fortalecimiento de las habilidades creativas en los diferentes distritos de la ciudad.<br>\/\/\/\/\/\/<\/p>\n\n\n\n<p class=\"wp-block-paragraph\"><br><\/p>\n\n\n\n<p class=\"wp-block-paragraph\"><\/p>\n\n\n\n<p class=\"wp-block-paragraph\"><\/p>\n\n\n\n<p class=\"wp-block-paragraph\"><\/p>\n","protected":false},"excerpt":{"rendered":"<p>PRENSA GAMEA \/ Jue 03.09.2026 Los Centros Culturales de El Alto se consolidan como espacios de formaci\u00f3n y desarrollo integral para la ni\u00f1ez, juventud y adultos de la urbe. En este marco, la moderna infraestructura del Centro Cultural Excombatientes de la Guerra del Chaco, ubicada en el Distrito 2 (al lado del Hospital Corea), abri\u00f3 [&hellip;]<\/p>\n","protected":false},"author":17,"featured_media":27439,"comment_status":"open","ping_status":"open","sticky":false,"template":"","format":"standard","meta":{"content-type":"","footnotes":""},"categories":[52],"tags":[],"class_list":["post-27438","post","type-post","status-publish","format-standard","has-post-thumbnail","category-cultura"],"_links":{"self":[{"href":"https:\/\/elalto.gob.bo\/noticias\/index.php?rest_route=\/wp\/v2\/posts\/27438","targetHints":{"allow":["GET"]}}],"collection":[{"href":"https:\/\/elalto.gob.bo\/noticias\/index.php?rest_route=\/wp\/v2\/posts"}],"about":[{"href":"https:\/\/elalto.gob.bo\/noticias\/index.php?rest_route=\/wp\/v2\/types\/post"}],"author":[{"embeddable":true,"href":"https:\/\/elalto.gob.bo\/noticias\/index.php?rest_route=\/wp\/v2\/users\/17"}],"replies":[{"embeddable":true,"href":"https:\/\/elalto.gob.bo\/noticias\/index.php?rest_route=%2Fwp%2Fv2%2Fcomments&post=27438"}],"version-history":[{"count":1,"href":"https:\/\/elalto.gob.bo\/noticias\/index.php?rest_route=\/wp\/v2\/posts\/27438\/revisions"}],"predecessor-version":[{"id":27440,"href":"https:\/\/elalto.gob.bo\/noticias\/index.php?rest_route=\/wp\/v2\/posts\/27438\/revisions\/27440"}],"wp:featuredmedia":[{"embeddable":true,"href":"https:\/\/elalto.gob.bo\/noticias\/index.php?rest_route=\/wp\/v2\/media\/27439"}],"wp:attachment":[{"href":"https:\/\/elalto.gob.bo\/noticias\/index.php?rest_route=%2Fwp%2Fv2%2Fmedia&parent=27438"}],"wp:term":[{"taxonomy":"category","embeddable":true,"href":"https:\/\/elalto.gob.bo\/noticias\/index.php?rest_route=%2Fwp%2Fv2%2Fcategories&post=27438"},{"taxonomy":"post_tag","embeddable":true,"href":"https:\/\/elalto.gob.bo\/noticias\/index.php?rest_route=%2Fwp%2Fv2%2Ftags&post=27438"}],"curies":[{"name":"wp","href":"https:\/\/api.w.org\/{rel}","templated":true}]}}