{"id":27441,"date":"2026-09-03T17:02:02","date_gmt":"2026-09-03T21:02:02","guid":{"rendered":"https:\/\/elalto.gob.bo\/noticias\/?p=27441"},"modified":"2026-09-03T17:02:05","modified_gmt":"2026-09-03T21:02:05","slug":"avenida-costanera-b-del-distrito-4-sera-pavimentada","status":"publish","type":"post","link":"https:\/\/elalto.gob.bo\/noticias\/?p=27441","title":{"rendered":"Avenida Costanera B del Distrito 4 ser\u00e1 pavimentada"},"content":{"rendered":"\n<p class=\"wp-block-paragraph\"><em>PRENSA GAMEA \/03.09.26<\/em><\/p>\n\n\n\n<p class=\"wp-block-paragraph\">Con el prop\u00f3sito de consolidar mejoras inmediatas en la red vial del sector, la Secretar\u00eda Municipal de Infraestructura P\u00fablica bajo el liderazgo del Ing. Javier Coaquira Ayarde y el Subalcalde del Distrito 4 Franz Grover Contreras, en una acci\u00f3n coordinada se realiz\u00f3 este jueves una inspecci\u00f3n t\u00e9cnica en la Avenida Costanera B para realizar una evaluaci\u00f3n en campo que permitir\u00e1 definir el plan de intervenci\u00f3n y la proyecci\u00f3n de obras a corto plazo enfocadas en garantizar la seguridad vial y el desarrollo urbano de la zona.<\/p>\n\n\n\n<p class=\"wp-block-paragraph\">\u201cEstamos realizando la inspecci\u00f3n de la Costanera B para que en esta gesti\u00f3n podamos hacer la implementaci\u00f3n del proyecto de pavimento r\u00edgido, asimismo estamos evaluando un puente distribuidor para solucionar el problema del congestionamiento vehicular; estos dos proyectos ya han sido considerados para que se pueda hacer la aprobaci\u00f3n en el Concejo Municipal&#8230;conf\u00eden en el Alcalde del Pueblo que tenemos toda la parte t\u00e9cnica abocada a resolver los problemas que atingen a la sociedad\u201d, afirm\u00f3.<\/p>\n\n\n\n<p class=\"wp-block-paragraph\">Durante el recorrido, el equipo t\u00e9cnico multidisciplinario de dicha Secretar\u00eda verific\u00f3 el estado actual de la plataforma, los m\u00e1rgenes de la v\u00eda y el sistema de drenaje pluvial de la Avenida Costanera B. La inspecci\u00f3n permiti\u00f3 levantar datos precisos sobre las necesidades de mantenimiento, adecuaci\u00f3n y las obras complementarias requeridas antes de la ejecuci\u00f3n de los trabajos principales.<\/p>\n\n\n\n<p class=\"wp-block-paragraph\">Por su parte, el Subalcalde del Distrito 4, Franz Grover Contreras Si\u00f1ani, puntualiz\u00f3: \u00abEstamos realizando una inspecci\u00f3n al proyecto a\u00f1orado por nuestro distrito que es la Costanera B y el distribuidor que pr\u00e1cticamente va a beneficiar a todo nuestro municipio principalmente en el sector Rio Seco y la Avenida 23 de marzo\u201d.<\/p>\n\n\n\n<p class=\"wp-block-paragraph\">\u201cHoy estamos con vecinos de Villa Tunari segunda secci\u00f3n a fin de poder realizar la inspecci\u00f3n de los trabajos que est\u00e1n realizando en el denominado play\u00f3n, mencionar que como vecinos no nos estamos oponiendo a las obras que va realizar nuestro se\u00f1or Alcalde, lo que si estamos pidiendo es que socialicen los trabajos que est\u00e1n haciendo en este sector para que los vecinos puedan estar tranquilos y anoticiados\u201d. manifest\u00f3 Juvenal Quispe Mayta, Presidente de la Urbanizaci\u00f3n Villa Tunari Segunda Secci\u00f3n.<\/p>\n\n\n\n<p class=\"wp-block-paragraph\">As\u00ed el municipio alte\u00f1o, reafirm\u00f3 su compromiso de mantener una gesti\u00f3n de puertas abiertas y de permanente control social, asegurando que las obras proyectadas se ejecuten bajo altos est\u00e1ndares de calidad y en beneficio directo de los vecinos.<br>\/\/\/\/\/\/\/<\/p>\n\n\n\n<p class=\"wp-block-paragraph\"><\/p>\n\n\n\n<p class=\"wp-block-paragraph\"><\/p>\n\n\n\n<p class=\"wp-block-paragraph\"><\/p>\n\n\n\n<p class=\"wp-block-paragraph\"><\/p>\n\n\n\n<p class=\"wp-block-paragraph\"><br><a href=\"https:\/\/www.tiktok.com\/@alcaldiaelalto\">https:\/\/www.tiktok.com\/@alcaldiaelalto<\/a><\/p>\n\n\n\n<p class=\"wp-block-paragraph\"><\/p>\n","protected":false},"excerpt":{"rendered":"<p>PRENSA GAMEA \/03.09.26 Con el prop\u00f3sito de consolidar mejoras inmediatas en la red vial del sector, la Secretar\u00eda Municipal de Infraestructura P\u00fablica bajo el liderazgo del Ing. Javier Coaquira Ayarde y el Subalcalde del Distrito 4 Franz Grover Contreras, en una acci\u00f3n coordinada se realiz\u00f3 este jueves una inspecci\u00f3n t\u00e9cnica en la Avenida Costanera B [&hellip;]<\/p>\n","protected":false},"author":17,"featured_media":27442,"comment_status":"open","ping_status":"open","sticky":false,"template":"","format":"standard","meta":{"content-type":"","footnotes":""},"categories":[1,165],"tags":[],"class_list":["post-27441","post","type-post","status-publish","format-standard","has-post-thumbnail","category-sin-categoria","category-subalcaldias"],"_links":{"self":[{"href":"https:\/\/elalto.gob.bo\/noticias\/index.php?rest_route=\/wp\/v2\/posts\/27441","targetHints":{"allow":["GET"]}}],"collection":[{"href":"https:\/\/elalto.gob.bo\/noticias\/index.php?rest_route=\/wp\/v2\/posts"}],"about":[{"href":"https:\/\/elalto.gob.bo\/noticias\/index.php?rest_route=\/wp\/v2\/types\/post"}],"author":[{"embeddable":true,"href":"https:\/\/elalto.gob.bo\/noticias\/index.php?rest_route=\/wp\/v2\/users\/17"}],"replies":[{"embeddable":true,"href":"https:\/\/elalto.gob.bo\/noticias\/index.php?rest_route=%2Fwp%2Fv2%2Fcomments&post=27441"}],"version-history":[{"count":1,"href":"https:\/\/elalto.gob.bo\/noticias\/index.php?rest_route=\/wp\/v2\/posts\/27441\/revisions"}],"predecessor-version":[{"id":27443,"href":"https:\/\/elalto.gob.bo\/noticias\/index.php?rest_route=\/wp\/v2\/posts\/27441\/revisions\/27443"}],"wp:featuredmedia":[{"embeddable":true,"href":"https:\/\/elalto.gob.bo\/noticias\/index.php?rest_route=\/wp\/v2\/media\/27442"}],"wp:attachment":[{"href":"https:\/\/elalto.gob.bo\/noticias\/index.php?rest_route=%2Fwp%2Fv2%2Fmedia&parent=27441"}],"wp:term":[{"taxonomy":"category","embeddable":true,"href":"https:\/\/elalto.gob.bo\/noticias\/index.php?rest_route=%2Fwp%2Fv2%2Fcategories&post=27441"},{"taxonomy":"post_tag","embeddable":true,"href":"https:\/\/elalto.gob.bo\/noticias\/index.php?rest_route=%2Fwp%2Fv2%2Ftags&post=27441"}],"curies":[{"name":"wp","href":"https:\/\/api.w.org\/{rel}","templated":true}]}}